  {"id":12192,"date":"2020-06-11T09:00:36","date_gmt":"2020-06-11T12:00:36","guid":{"rendered":"https:\/\/news.sap.com\/brazil\/?p=12192"},"modified":"2023-10-19T14:08:24","modified_gmt":"2023-10-19T17:08:24","slug":"coronavirus-trabalho-flexivel-fara-parte-do-novo-normal-apos-pandemia-bl0g","status":"publish","type":"post","link":"https:\/\/news.sap.com\/brazil\/2020\/06\/coronavirus-trabalho-flexivel-fara-parte-do-novo-normal-apos-pandemia-bl0g\/","title":{"rendered":"Coronav\u00edrus: trabalho flex\u00edvel far\u00e1 parte do novo normal ap\u00f3s pandemia"},"content":{"rendered":"<p>Por: 麻豆原创 Brasil<\/p>\n<p><em>Com os riscos associados \u00e0 COVID-19, a necessidade de manter distanciamento pode estimular modelos de trabalho mais flex\u00edveis e o crescimento do home office<\/em><\/p>\n<p>Voc\u00ea j\u00e1 parou para pensar que o mundo n\u00e3o ser\u00e1 mais o mesmo ap\u00f3s a crise do novo Coronav\u00edrus? A Organiza\u00e7\u00e3o Mundial da Sa\u00fade acredita que a Am\u00e9rica Latina <a href=\"https:\/\/agenciabrasil.ebc.com.br\/internacional\/noticia\/2020-06\/oms-diz-que-america-do-sul-ainda-nao-atingiu-pico-da-epidemia\" target=\"_blank\" rel=\"noopener noreferrer\">ainda n\u00e3o atingiu o pico da epidemia<\/a> e para evitar que um n\u00famero ainda maior de pessoas se contamine a recomenda\u00e7\u00e3o para preven\u00e7\u00e3o continua sendo a mesma: distanciamento e isolamento social.<\/p>\n<p>Essa possibilidade coloca em xeque os modelos de trabalho tradicionais. A sua empresa est\u00e1 pronta para isso?<\/p>\n<p><strong>Empresas de tecnologia impulsionam novas formas de trabalho<\/strong><\/p>\n<p>As empresas de tecnologia foram as primeiras a se manifestar sobre a flexibiliza\u00e7\u00e3o das jornadas de trabalho. A ideia \u00e9 que elas sejam mais curtas e que sejam alternadas com o home office. Esse processo acontece gradualmente e de forma experimental nesse per\u00edodo de reabertura em alguns pa\u00edses. A Amazon, por exemplo, decidiu manter sua equipe em regime home office at\u00e9 o m\u00eas de outubro, j\u00e1 o Facebook e o Spotify optaram por um prazo mais longo, at\u00e9 o final de 2020. O Twitter foi ainda mais longe, oferecendo aos seus colaboradores a chance de trabalhar em casa de maneira permanente.<\/p>\n<p><strong>A transi\u00e7\u00e3o para novos modelos exige planejamento<\/strong><\/p>\n<p>A expectativa, no Brasil, \u00e9 de que ap\u00f3s a pandemia, <a href=\"https:\/\/agenciabrasil.ebc.com.br\/geral\/noticia\/2020-04\/numero-de-empresas-adotam-home-office-deve-crescer-30-apos-pandemia\" target=\"_blank\" rel=\"noopener noreferrer\">30% das empresas adotem o home office<\/a>. Mas para que sejam permanentes e tenham sucesso, \u00e9 necess\u00e1rio que exista um planejamento estrat\u00e9gico bem estruturado, que contemple uma avalia\u00e7\u00e3o dos riscos, os investimentos necess\u00e1rios em infraestrutura para a integra\u00e7\u00e3o de sistemas e o acesso remoto. Al\u00e9m disso, \u00e9 fundamental que l\u00edderes e equipes estejam unidos nesse processo.<\/p>\n<p>O trabalho remoto e as jornadas flex\u00edveis n\u00e3o significam que voc\u00ea estar\u00e1 longe dos colaboradores. \u00c9 essencial criar uma atmosfera de confian\u00e7a e <a href=\"https:\/\/www.qualtrics.com\/pt-br\/estamos-aqui-para-ajudar\/?rid=langMatch&amp;prevsite=en&amp;newsite=pt-br&amp;geo=BR&amp;geomatch=\" target=\"_blank\" rel=\"noopener noreferrer\">mais conectividade para que sua equipe<\/a> sinta que pode contar com o suporte dos l\u00edderes sempre que necess\u00e1rio. Isso acarretar\u00e1 numa mudan\u00e7a de comportamento dos gestores, que dever\u00e3o conduzir as equipes de maneira descentralizada, acolhendo feedbacks e aplicando melhorias em conjunto.<\/p>\n<p><strong>O digital \u00e9 seu apoio<\/strong><\/p>\n<p>O trabalho flex\u00edvel permite que voc\u00ea explore o uso de ferramentas digitais, ampliando as possibilidades de encontrar profissionais capacitados que n\u00e3o precisam estar na mesma cidade que a sua empresa e viabilizando o desenvolvimento de atividades com mais produtividade, al\u00e9m de refor\u00e7ar o controle de informa\u00e7\u00f5es, j\u00e1 que o uso de sistemas permite gerar relat\u00f3rios e dados que podem ajudar a gerir as atividades.<\/p>\n<p>Durante a pandemia, as pessoas perceberam que \u00e9 poss\u00edvel investir em novos modelos de trabalho, adotar jornadas mais flex\u00edveis e manter a qualidade nas entregas. Em um per\u00edodo de retomada econ\u00f4mica, o trabalho remoto ou em jornadas presenciais com menos horas tamb\u00e9m pode gerar economia nos gastos com espa\u00e7o e infraestrutura presencial. Se essa \u00e9 uma possibilidade para sua empresa, por que n\u00e3o tentar?<\/p>\n<p>Siga nossas redes sociais para saber mais sobre recursos que podem ajudar a lidar com novos modelos de trabalho: <a href=\"https:\/\/www.facebook.com\/sapbrasil\/\" target=\"_blank\" rel=\"noopener noreferrer\">Facebook\u00a0<\/a>\/\u00a0<a href=\"https:\/\/twitter.com\/麻豆原创Brasil\" target=\"_blank\" rel=\"noopener noreferrer\">Twitter\u00a0<\/a>\/\u00a0<a href=\"https:\/\/www.linkedin.com\/company\/1115\/\" target=\"_blank\" rel=\"noopener noreferrer\">LinkedIn\u00a0<\/a>\/\u00a0<a href=\"https:\/\/www.instagram.com\/sap_brasil\/\" target=\"_blank\" rel=\"noopener noreferrer\">Instagram<\/a> \/ <a href=\"https:\/\/widget.msgp.pl\/?id=66415e417325f13e20.82207836\" target=\"_blank\" rel=\"noopener noreferrer\">WhatsApp<\/a> \/ <a href=\"https:\/\/www.youtube.com\/user\/sapbrasil\" target=\"_blank\" rel=\"noopener noreferrer\">Youtube<\/a><\/p>\n<p>\u00a9 2020 麻豆原创 SE. All rights reserved. 麻豆原创 and other 麻豆原创 products and services mentioned herein as well as their respective logos are trademarks or registered trademarks of 麻豆原创 SE in Germany and other countries. Please see <a href=\"http:\/\/www.sap.com\/corporate-en\/legal\/copyright\/index.epx#trademark\" target=\"_blank\" rel=\"noopener noreferrer\">http:\/\/www.sap.com\/corporate-en\/legal\/copyright\/index.epx#trademark<\/a> for additional trademark information and notices.<\/p>\n","protected":false},"excerpt":{"rendered":"<p>Por: 麻豆原创 Brasil Com os riscos associados \u00e0 COVID-19, a necessidade de manter distanciamento pode estimular modelos de trabalho mais flex\u00edveis e o crescimento do&#8230;<\/p>\n","protected":false},"author":561,"featured_media":12193,"comment_status":"closed","ping_status":"closed","sticky":false,"template":"","format":"standard","meta":{"footnotes":"","_links_to":"","_links_to_target":""},"categories":[48444],"tags":[5598246,147932,20464,59391],"sapn-display":[5599933,5599931,48431,48433],"sapn-type":[6114],"class_list":["post-12192","post","type-post","status-publish","format-standard","has-post-thumbnail","hentry","category-recursos-humanos-topicos","tag-covid-19","tag-home-office","tag-recursos-humanos","tag-trabalho-flexivel","sapn-display-feature-hero","sapn-display-feature-spotlight","sapn-display-homepage-hero","sapn-display-hero","sapn-type-artigo"],"yoast_head":"<!-- This site is optimized with the Yoast SEO Premium plugin v26.9 (Yoast SEO v26.9) - https:\/\/yoast.com\/product\/yoast-seo-premium-wordpress\/ -->\n<title>Coronav\u00edrus: trabalho flex\u00edvel far\u00e1 parte do novo normal ap\u00f3s pandemia<\/title>\n<meta name=\"description\" content=\"Com os riscos associados \u00e0 COVID-19, a necessidade de manter distanciamento pode estimular modelos de trabalho mais flex\u00edveis e o crescimento do home office.\" \/>\n<meta name=\"robots\" content=\"index, follow, max-snippet:-1, max-image-preview:large, max-video-preview:-1\" \/>\n<link rel=\"canonical\" href=\"https:\/\/news.sap.com\/brazil\/2020\/06\/coronavirus-trabalho-flexivel-fara-parte-do-novo-normal-apos-pandemia-bl0g\/\" \/>\n<meta property=\"og:locale\" content=\"pt_BR\" \/>\n<meta property=\"og:type\" content=\"article\" \/>\n<meta property=\"og:title\" content=\"Coronav\u00edrus: trabalho flex\u00edvel far\u00e1 parte do novo normal ap\u00f3s pandemia\" \/>\n<meta property=\"og:description\" content=\"Com os riscos associados \u00e0 COVID-19, a necessidade de manter distanciamento pode estimular modelos de trabalho mais flex\u00edveis e o crescimento do home office.\" \/>\n<meta property=\"og:url\" content=\"https:\/\/news.sap.com\/brazil\/2020\/06\/coronavirus-trabalho-flexivel-fara-parte-do-novo-normal-apos-pandemia-bl0g\/\" \/>\n<meta property=\"og:site_name\" content=\"Sala de Imprensa 麻豆原创 Brasil\" \/>\n<meta property=\"article:published_time\" content=\"2020-06-11T12:00:36+00:00\" \/>\n<meta property=\"article:modified_time\" content=\"2023-10-19T17:08:24+00:00\" \/>\n<meta property=\"og:image\" content=\"https:\/\/news.sap.com\/brazil\/files\/2020\/06\/fb-1.jpg\" \/>\n\t<meta property=\"og:image:width\" content=\"565\" \/>\n\t<meta property=\"og:image:height\" content=\"292\" \/>\n\t<meta property=\"og:image:type\" content=\"image\/jpeg\" \/>\n<meta name=\"author\" content=\"麻豆原创 Brasil\" \/>\n<meta name=\"twitter:card\" content=\"summary_large_image\" \/>\n<meta name=\"twitter:title\" content=\"Coronav\u00edrus: trabalho flex\u00edvel far\u00e1 parte do novo normal ap\u00f3s pandemia\" \/>\n<meta name=\"twitter:creator\" content=\"@麻豆原创Brasil\" \/>\n<meta name=\"twitter:site\" content=\"@麻豆原创Brasil\" \/>\n<meta name=\"twitter:label1\" content=\"Escrito por\" \/>\n\t<meta name=\"twitter:data1\" content=\"麻豆原创 Brasil\" \/>\n\t<meta name=\"twitter:label2\" content=\"Est. tempo de leitura\" \/>\n\t<meta name=\"twitter:data2\" content=\"3 minutos\" \/>\n<script type=\"application\/ld+json\" class=\"yoast-schema-graph\">{\"@context\":\"https:\/\/schema.org\",\"@graph\":[{\"@type\":\"Article\",\"@id\":\"https:\/\/news.sap.com\/brazil\/2020\/06\/coronavirus-trabalho-flexivel-fara-parte-do-novo-normal-apos-pandemia-bl0g\/#article\",\"isPartOf\":{\"@id\":\"https:\/\/news.sap.com\/brazil\/2020\/06\/coronavirus-trabalho-flexivel-fara-parte-do-novo-normal-apos-pandemia-bl0g\/\"},\"author\":{\"name\":\"麻豆原创 Brasil\",\"@id\":\"https:\/\/news.sap.com\/brazil\/#\/schema\/person\/1cfc5d6de5ffdc23f1f3b1670a90ae3c\"},\"headline\":\"Coronav\u00edrus: trabalho flex\u00edvel far\u00e1 parte do novo normal ap\u00f3s pandemia\",\"datePublished\":\"2020-06-11T12:00:36+00:00\",\"dateModified\":\"2023-10-19T17:08:24+00:00\",\"mainEntityOfPage\":{\"@id\":\"https:\/\/news.sap.com\/brazil\/2020\/06\/coronavirus-trabalho-flexivel-fara-parte-do-novo-normal-apos-pandemia-bl0g\/\"},\"wordCount\":605,\"image\":{\"@id\":\"https:\/\/news.sap.com\/brazil\/2020\/06\/coronavirus-trabalho-flexivel-fara-parte-do-novo-normal-apos-pandemia-bl0g\/#primaryimage\"},\"thumbnailUrl\":\"https:\/\/news.sap.com\/brazil\/files\/2020\/06\/286837_Photo_Leading-with-Purpose_The-Power-of-We.jpg\",\"keywords\":[\"COVID-19\",\"Home Office\",\"recursos humanos\",\"Trabalho Flex\u00edvel\"],\"articleSection\":[\"Gest\u00e3o do capital humano\"],\"inLanguage\":\"pt-BR\"},{\"@type\":\"WebPage\",\"@id\":\"https:\/\/news.sap.com\/brazil\/2020\/06\/coronavirus-trabalho-flexivel-fara-parte-do-novo-normal-apos-pandemia-bl0g\/\",\"url\":\"https:\/\/news.sap.com\/brazil\/2020\/06\/coronavirus-trabalho-flexivel-fara-parte-do-novo-normal-apos-pandemia-bl0g\/\",\"name\":\"Coronav\u00edrus: trabalho flex\u00edvel far\u00e1 parte do novo normal ap\u00f3s pandemia\",\"isPartOf\":{\"@id\":\"https:\/\/news.sap.com\/brazil\/#website\"},\"primaryImageOfPage\":{\"@id\":\"https:\/\/news.sap.com\/brazil\/2020\/06\/coronavirus-trabalho-flexivel-fara-parte-do-novo-normal-apos-pandemia-bl0g\/#primaryimage\"},\"image\":{\"@id\":\"https:\/\/news.sap.com\/brazil\/2020\/06\/coronavirus-trabalho-flexivel-fara-parte-do-novo-normal-apos-pandemia-bl0g\/#primaryimage\"},\"thumbnailUrl\":\"https:\/\/news.sap.com\/brazil\/files\/2020\/06\/286837_Photo_Leading-with-Purpose_The-Power-of-We.jpg\",\"datePublished\":\"2020-06-11T12:00:36+00:00\",\"dateModified\":\"2023-10-19T17:08:24+00:00\",\"author\":{\"@id\":\"https:\/\/news.sap.com\/brazil\/#\/schema\/person\/1cfc5d6de5ffdc23f1f3b1670a90ae3c\"},\"description\":\"Com os riscos associados \u00e0 COVID-19, a necessidade de manter distanciamento pode estimular modelos de trabalho mais flex\u00edveis e o crescimento do home office.\",\"breadcrumb\":{\"@id\":\"https:\/\/news.sap.com\/brazil\/2020\/06\/coronavirus-trabalho-flexivel-fara-parte-do-novo-normal-apos-pandemia-bl0g\/#breadcrumb\"},\"inLanguage\":\"pt-BR\",\"potentialAction\":[{\"@type\":\"ReadAction\",\"target\":[\"https:\/\/news.sap.com\/brazil\/2020\/06\/coronavirus-trabalho-flexivel-fara-parte-do-novo-normal-apos-pandemia-bl0g\/\"]}]},{\"@type\":\"ImageObject\",\"inLanguage\":\"pt-BR\",\"@id\":\"https:\/\/news.sap.com\/brazil\/2020\/06\/coronavirus-trabalho-flexivel-fara-parte-do-novo-normal-apos-pandemia-bl0g\/#primaryimage\",\"url\":\"https:\/\/news.sap.com\/brazil\/files\/2020\/06\/286837_Photo_Leading-with-Purpose_The-Power-of-We.jpg\",\"contentUrl\":\"https:\/\/news.sap.com\/brazil\/files\/2020\/06\/286837_Photo_Leading-with-Purpose_The-Power-of-We.jpg\",\"width\":1400,\"height\":601,\"caption\":\"Modern Multiethnic business team having discussion and online meeting in video call\"},{\"@type\":\"BreadcrumbList\",\"@id\":\"https:\/\/news.sap.com\/brazil\/2020\/06\/coronavirus-trabalho-flexivel-fara-parte-do-novo-normal-apos-pandemia-bl0g\/#breadcrumb\",\"itemListElement\":[{\"@type\":\"ListItem\",\"position\":1,\"name\":\"Home\",\"item\":\"https:\/\/news.sap.com\/brazil\/\"},{\"@type\":\"ListItem\",\"position\":2,\"name\":\"Coronav\u00edrus: trabalho flex\u00edvel far\u00e1 parte do novo normal ap\u00f3s pandemia\"}]},{\"@type\":\"WebSite\",\"@id\":\"https:\/\/news.sap.com\/brazil\/#website\",\"url\":\"https:\/\/news.sap.com\/brazil\/\",\"name\":\"Sala de Imprensa 麻豆原创 Brasil\",\"description\":\"Not\u00edcias e informa\u00e7\u00f5es sobre a 麻豆原创\",\"potentialAction\":[{\"@type\":\"SearchAction\",\"target\":{\"@type\":\"EntryPoint\",\"urlTemplate\":\"https:\/\/news.sap.com\/brazil\/?s={search_term_string}\"},\"query-input\":{\"@type\":\"PropertyValueSpecification\",\"valueRequired\":true,\"valueName\":\"search_term_string\"}}],\"inLanguage\":\"pt-BR\"},{\"@type\":\"Person\",\"@id\":\"https:\/\/news.sap.com\/brazil\/#\/schema\/person\/1cfc5d6de5ffdc23f1f3b1670a90ae3c\",\"name\":\"麻豆原创 Brasil\",\"image\":{\"@type\":\"ImageObject\",\"inLanguage\":\"pt-BR\",\"@id\":\"https:\/\/news.sap.com\/brazil\/#\/schema\/person\/image\/\",\"url\":\"https:\/\/news.sap.com\/brazil\/wp-content\/plugins\/wp-user-avatars\/wp-user-avatars\/assets\/images\/mystery.jpg\",\"contentUrl\":\"https:\/\/news.sap.com\/brazil\/wp-content\/plugins\/wp-user-avatars\/wp-user-avatars\/assets\/images\/mystery.jpg\",\"caption\":\"麻豆原创 Brasil\"},\"url\":\"https:\/\/news.sap.com\/brazil\/author\/raquelcasciato\/\"}]}<\/script>\n<!-- \/ Yoast SEO Premium plugin. -->","yoast_head_json":{"title":"Coronav\u00edrus: trabalho flex\u00edvel far\u00e1 parte do novo normal ap\u00f3s pandemia","description":"Com os riscos associados \u00e0 COVID-19, a necessidade de manter distanciamento pode estimular modelos de trabalho mais flex\u00edveis e o crescimento do home office.","robots":{"index":"index","follow":"follow","max-snippet":"max-snippet:-1","max-image-preview":"max-image-preview:large","max-video-preview":"max-video-preview:-1"},"canonical":"https:\/\/news.sap.com\/brazil\/2020\/06\/coronavirus-trabalho-flexivel-fara-parte-do-novo-normal-apos-pandemia-bl0g\/","og_locale":"pt_BR","og_type":"article","og_title":"Coronav\u00edrus: trabalho flex\u00edvel far\u00e1 parte do novo normal ap\u00f3s pandemia","og_description":"Com os riscos associados \u00e0 COVID-19, a necessidade de manter distanciamento pode estimular modelos de trabalho mais flex\u00edveis e o crescimento do home office.","og_url":"https:\/\/news.sap.com\/brazil\/2020\/06\/coronavirus-trabalho-flexivel-fara-parte-do-novo-normal-apos-pandemia-bl0g\/","og_site_name":"Sala de Imprensa 麻豆原创 Brasil","article_published_time":"2020-06-11T12:00:36+00:00","article_modified_time":"2023-10-19T17:08:24+00:00","og_image":[{"width":565,"height":292,"url":"https:\/\/news.sap.com\/brazil\/files\/2020\/06\/fb-1.jpg","type":"image\/jpeg"}],"author":"麻豆原创 Brasil","twitter_card":"summary_large_image","twitter_title":"Coronav\u00edrus: trabalho flex\u00edvel far\u00e1 parte do novo normal ap\u00f3s pandemia","twitter_creator":"@麻豆原创Brasil","twitter_site":"@麻豆原创Brasil","twitter_misc":{"Escrito por":"麻豆原创 Brasil","Est. tempo de leitura":"3 minutos"},"schema":{"@context":"https:\/\/schema.org","@graph":[{"@type":"Article","@id":"https:\/\/news.sap.com\/brazil\/2020\/06\/coronavirus-trabalho-flexivel-fara-parte-do-novo-normal-apos-pandemia-bl0g\/#article","isPartOf":{"@id":"https:\/\/news.sap.com\/brazil\/2020\/06\/coronavirus-trabalho-flexivel-fara-parte-do-novo-normal-apos-pandemia-bl0g\/"},"author":{"name":"麻豆原创 Brasil","@id":"https:\/\/news.sap.com\/brazil\/#\/schema\/person\/1cfc5d6de5ffdc23f1f3b1670a90ae3c"},"headline":"Coronav\u00edrus: trabalho flex\u00edvel far\u00e1 parte do novo normal ap\u00f3s pandemia","datePublished":"2020-06-11T12:00:36+00:00","dateModified":"2023-10-19T17:08:24+00:00","mainEntityOfPage":{"@id":"https:\/\/news.sap.com\/brazil\/2020\/06\/coronavirus-trabalho-flexivel-fara-parte-do-novo-normal-apos-pandemia-bl0g\/"},"wordCount":605,"image":{"@id":"https:\/\/news.sap.com\/brazil\/2020\/06\/coronavirus-trabalho-flexivel-fara-parte-do-novo-normal-apos-pandemia-bl0g\/#primaryimage"},"thumbnailUrl":"https:\/\/news.sap.com\/brazil\/files\/2020\/06\/286837_Photo_Leading-with-Purpose_The-Power-of-We.jpg","keywords":["COVID-19","Home Office","recursos humanos","Trabalho Flex\u00edvel"],"articleSection":["Gest\u00e3o do capital humano"],"inLanguage":"pt-BR"},{"@type":"WebPage","@id":"https:\/\/news.sap.com\/brazil\/2020\/06\/coronavirus-trabalho-flexivel-fara-parte-do-novo-normal-apos-pandemia-bl0g\/","url":"https:\/\/news.sap.com\/brazil\/2020\/06\/coronavirus-trabalho-flexivel-fara-parte-do-novo-normal-apos-pandemia-bl0g\/","name":"Coronav\u00edrus: trabalho flex\u00edvel far\u00e1 parte do novo normal ap\u00f3s pandemia","isPartOf":{"@id":"https:\/\/news.sap.com\/brazil\/#website"},"primaryImageOfPage":{"@id":"https:\/\/news.sap.com\/brazil\/2020\/06\/coronavirus-trabalho-flexivel-fara-parte-do-novo-normal-apos-pandemia-bl0g\/#primaryimage"},"image":{"@id":"https:\/\/news.sap.com\/brazil\/2020\/06\/coronavirus-trabalho-flexivel-fara-parte-do-novo-normal-apos-pandemia-bl0g\/#primaryimage"},"thumbnailUrl":"https:\/\/news.sap.com\/brazil\/files\/2020\/06\/286837_Photo_Leading-with-Purpose_The-Power-of-We.jpg","datePublished":"2020-06-11T12:00:36+00:00","dateModified":"2023-10-19T17:08:24+00:00","author":{"@id":"https:\/\/news.sap.com\/brazil\/#\/schema\/person\/1cfc5d6de5ffdc23f1f3b1670a90ae3c"},"description":"Com os riscos associados \u00e0 COVID-19, a necessidade de manter distanciamento pode estimular modelos de trabalho mais flex\u00edveis e o crescimento do home office.","breadcrumb":{"@id":"https:\/\/news.sap.com\/brazil\/2020\/06\/coronavirus-trabalho-flexivel-fara-parte-do-novo-normal-apos-pandemia-bl0g\/#breadcrumb"},"inLanguage":"pt-BR","potentialAction":[{"@type":"ReadAction","target":["https:\/\/news.sap.com\/brazil\/2020\/06\/coronavirus-trabalho-flexivel-fara-parte-do-novo-normal-apos-pandemia-bl0g\/"]}]},{"@type":"ImageObject","inLanguage":"pt-BR","@id":"https:\/\/news.sap.com\/brazil\/2020\/06\/coronavirus-trabalho-flexivel-fara-parte-do-novo-normal-apos-pandemia-bl0g\/#primaryimage","url":"https:\/\/news.sap.com\/brazil\/files\/2020\/06\/286837_Photo_Leading-with-Purpose_The-Power-of-We.jpg","contentUrl":"https:\/\/news.sap.com\/brazil\/files\/2020\/06\/286837_Photo_Leading-with-Purpose_The-Power-of-We.jpg","width":1400,"height":601,"caption":"Modern Multiethnic business team having discussion and online meeting in video call"},{"@type":"BreadcrumbList","@id":"https:\/\/news.sap.com\/brazil\/2020\/06\/coronavirus-trabalho-flexivel-fara-parte-do-novo-normal-apos-pandemia-bl0g\/#breadcrumb","itemListElement":[{"@type":"ListItem","position":1,"name":"Home","item":"https:\/\/news.sap.com\/brazil\/"},{"@type":"ListItem","position":2,"name":"Coronav\u00edrus: trabalho flex\u00edvel far\u00e1 parte do novo normal ap\u00f3s pandemia"}]},{"@type":"WebSite","@id":"https:\/\/news.sap.com\/brazil\/#website","url":"https:\/\/news.sap.com\/brazil\/","name":"Sala de Imprensa 麻豆原创 Brasil","description":"Not\u00edcias e informa\u00e7\u00f5es sobre a 麻豆原创","potentialAction":[{"@type":"SearchAction","target":{"@type":"EntryPoint","urlTemplate":"https:\/\/news.sap.com\/brazil\/?s={search_term_string}"},"query-input":{"@type":"PropertyValueSpecification","valueRequired":true,"valueName":"search_term_string"}}],"inLanguage":"pt-BR"},{"@type":"Person","@id":"https:\/\/news.sap.com\/brazil\/#\/schema\/person\/1cfc5d6de5ffdc23f1f3b1670a90ae3c","name":"麻豆原创 Brasil","image":{"@type":"ImageObject","inLanguage":"pt-BR","@id":"https:\/\/news.sap.com\/brazil\/#\/schema\/person\/image\/","url":"https:\/\/news.sap.com\/brazil\/wp-content\/plugins\/wp-user-avatars\/wp-user-avatars\/assets\/images\/mystery.jpg","contentUrl":"https:\/\/news.sap.com\/brazil\/wp-content\/plugins\/wp-user-avatars\/wp-user-avatars\/assets\/images\/mystery.jpg","caption":"麻豆原创 Brasil"},"url":"https:\/\/news.sap.com\/brazil\/author\/raquelcasciato\/"}]}},"amp_enabled":true,"_links":{"self":[{"href":"https:\/\/news.sap.com\/brazil\/wp-json\/wp\/v2\/posts\/12192","targetHints":{"allow":["GET"]}}],"collection":[{"href":"https:\/\/news.sap.com\/brazil\/wp-json\/wp\/v2\/posts"}],"about":[{"href":"https:\/\/news.sap.com\/brazil\/wp-json\/wp\/v2\/types\/post"}],"author":[{"embeddable":true,"href":"https:\/\/news.sap.com\/brazil\/wp-json\/wp\/v2\/users\/561"}],"replies":[{"embeddable":true,"href":"https:\/\/news.sap.com\/brazil\/wp-json\/wp\/v2\/comments?post=12192"}],"version-history":[{"count":0,"href":"https:\/\/news.sap.com\/brazil\/wp-json\/wp\/v2\/posts\/12192\/revisions"}],"wp:featuredmedia":[{"embeddable":true,"href":"https:\/\/news.sap.com\/brazil\/wp-json\/wp\/v2\/media\/12193"}],"wp:attachment":[{"href":"https:\/\/news.sap.com\/brazil\/wp-json\/wp\/v2\/media?parent=12192"}],"wp:term":[{"taxonomy":"category","embeddable":true,"href":"https:\/\/news.sap.com\/brazil\/wp-json\/wp\/v2\/categories?post=12192"},{"taxonomy":"post_tag","embeddable":true,"href":"https:\/\/news.sap.com\/brazil\/wp-json\/wp\/v2\/tags?post=12192"},{"taxonomy":"sapn-display","embeddable":true,"href":"https:\/\/news.sap.com\/brazil\/wp-json\/wp\/v2\/sapn-display?post=12192"},{"taxonomy":"sapn-type","embeddable":true,"href":"https:\/\/news.sap.com\/brazil\/wp-json\/wp\/v2\/sapn-type?post=12192"}],"curies":[{"name":"wp","href":"https:\/\/api.w.org\/{rel}","templated":true}]}}