  {"id":12093,"date":"2020-05-19T09:00:13","date_gmt":"2020-05-19T12:00:13","guid":{"rendered":"https:\/\/news.sap.com\/brazil\/?p=12093"},"modified":"2023-10-19T14:09:52","modified_gmt":"2023-10-19T17:09:52","slug":"os-impactos-da-covid-19-na-mobilidade-urbana-bl0g","status":"publish","type":"post","link":"https:\/\/news.sap.com\/brazil\/2020\/05\/os-impactos-da-covid-19-na-mobilidade-urbana-bl0g\/","title":{"rendered":"Os impactos da COVID-19 na mobilidade urbana"},"content":{"rendered":"<p>Por: 麻豆原创 Brasil<\/p>\n<p><em>A mobilidade urbana \u00e9 item essencial para o funcionamento das cidades e o isolamento social causado pela pandemia est\u00e1 trazendo reflex\u00f5es importantes sobre sua import\u00e2ncia<\/em><\/p>\n<p>Indispens\u00e1vel para o deslocamento de profissionais de servi\u00e7os essenciais, em especial os trabalhadores da sa\u00fade, a mobilidade urbana vivencia impactos inesperados causados pela pandemia do novo Coronav\u00edrus, com determina\u00e7\u00f5es de distanciamento social e medidas para isolamento que reduziram consideravelmente o fluxo de ve\u00edculos e o funcionamento do transporte p\u00fablico nas grandes cidades.<\/p>\n<p><strong>Diminui\u00e7\u00e3o na circula\u00e7\u00e3o de ve\u00edculos e de acidentes de tr\u00e2nsito<\/strong><\/p>\n<p>Desde o in\u00edcio da pandemia a circula\u00e7\u00e3o de ve\u00edculos no mundo inteiro diminuiu consideravelmente com a recomenda\u00e7\u00e3o do distanciamento social. Em Estocolmo, na Su\u00e9cia, o n\u00famero de passageiros em trens e metr\u00f4s da cidade ca\u00edram pela metade no in\u00edcio de abril. Em Mil\u00e3o, <a href=\"https:\/\/www.bbc.com\/portuguese\/internacional-52239099\" target=\"_blank\" rel=\"noopener noreferrer\">um app de localiza\u00e7\u00e3o registrou queda de 97% no n\u00famero de viagens planejadas<\/a>.<\/p>\n<p>No Brasil, o estado de S\u00e3o Paulo registou queda de 31,3% no n\u00famero de acidentes fatais no per\u00edodo entre 24 e 31 de mar\u00e7o, quando as regras de isolamento social passaram a vigorar. De acordo com o <a href=\"https:\/\/www.saopaulo.sp.gov.br\/spnoticias\/fatalidades-de-transito-no-estado-recuam-31-durante-a-quarentena\/\" target=\"_blank\" rel=\"noopener noreferrer\">Infosiga SP<\/a>, em vias municipais o registro de queda \u00e9 de 26,9%.<\/p>\n<p><strong>Nova rotina para o transporte p\u00fablico<\/strong><\/p>\n<p>O transporte p\u00fablico tamb\u00e9m teve que se adaptar \u00e0s normas de higieniza\u00e7\u00e3o e restri\u00e7\u00f5es de mobilidade determinadas para conter a dissemina\u00e7\u00e3o do novo Coronav\u00edrus. Diversos estados e munic\u00edpios do Brasil decretaram o uso obrigat\u00f3rio de m\u00e1scaras durante as viagens. Em S\u00e3o Paulo, o <a href=\"https:\/\/agenciabrasil.ebc.com.br\/saude\/noticia\/2020-05\/em-sp-uso-de-mascaras-e-obrigatorio-em-transporte-publico-e-taxis\" target=\"_blank\" rel=\"noopener noreferrer\">Decreto n\u00ba 59.384<\/a> determina que motoristas, cobradores, trabalhadores de terminais e passageiros utilizem o equipamento de prote\u00e7\u00e3o. Al\u00e9m disso, as empresas do setor devem refor\u00e7ar a limpeza dos carros entre as viagens.<\/p>\n<p>Em Nova York, onde o metr\u00f4 funciona 24 horas, as <a href=\"https:\/\/www.mobilize.org.br\/noticias\/12089\/metro-de-nova-york-sera-fechado-todos-os-dias-para-limpeza.html\" target=\"_blank\" rel=\"noopener noreferrer\">opera\u00e7\u00f5es passam a ser suspensas entre \u00e0s 1h e 5h<\/a> da manh\u00e3 para que seja realizada a desinfec\u00e7\u00e3o da rede de transporte.<\/p>\n<p><strong>Redu\u00e7\u00e3o da mobilidade diminui emiss\u00e3o de gases poluentes<\/strong><\/p>\n<p>N\u00e3o s\u00f3 a diminui\u00e7\u00e3o das atividades industriais, como tamb\u00e9m a <a href=\"http:\/\/www.g-feed.com\/2020\/03\/covid-19-reduces-economic-activity.html\">queda nas viagens e no tr\u00e2nsito<\/a> s\u00e3o respons\u00e1veis pela diminui\u00e7\u00e3o dos n\u00edveis de polui\u00e7\u00e3o por fuligem e fuma\u00e7a, consideradas &#8220;convencionais&#8221;.<\/p>\n<p>A <a href=\"https:\/\/servicos.cetesb.sp.gov.br\/qa\/\" target=\"_blank\" rel=\"noopener noreferrer\">Companhia Ambiental do Estado de S\u00e3o Paulo<\/a> (Cetesb) t\u00eam registrado <a href=\"https:\/\/www.saopaulo.sp.gov.br\/ultimas-noticias\/covid-19-cetesb-constata-diminuicao-da-poluicao-em-sp-durante-a-quarentena\/\" target=\"_blank\" rel=\"noopener noreferrer\">quedas recorrentes nos n\u00edveis de polui\u00e7\u00e3o do ar<\/a> desde o dia 20 de mar\u00e7o, quando as medidas de isolamento come\u00e7aram a vigorar. A redu\u00e7\u00e3o nos n\u00edveis de mon\u00f3xido de carbono tem contribu\u00eddo para que a qualidade do ar seja registrada como boa nos \u00faltimos dias. Resultado da diminui\u00e7\u00e3o de ve\u00edculos nas ruas.<\/p>\n<p><strong>Seguran\u00e7a para motoboys e ciclistas<\/strong><\/p>\n<p>A maioria das pessoas n\u00e3o est\u00e1 saindo de casa, mas continua realizando suas compras atrav\u00e9s do e-commerce e dos aplicativos de delivery. Esse movimento contribui com o crescimento dos servi\u00e7os de entrega e, consequentemente, com <a href=\"https:\/\/www.terra.com.br\/noticias\/tecnologia\/numero-de-entregadores-de-aplicativo-cresce-apos-covid-19,a260720f923439424d686333ed8d32ee9arc7ofd.html\" target=\"_blank\" rel=\"noopener noreferrer\">aumento no n\u00famero de motoboys e ciclistas<\/a> para trabalhar com entregas.<\/p>\n<p>O tr\u00e1fego desses trabalhadores deve gerar novas demandas para as cidades, que precisam pensar na amplia\u00e7\u00e3o das leis que asseguram a vida dos entregadores e rever exig\u00eancias para o uso de itens de seguran\u00e7a, especialmente para os ciclistas, que n\u00e3o costumam utilizar capacete ou joelheiras.<\/p>\n<p>A mobilidade urbana atravessa os Objetivos do Desenvolvimento Sustent\u00e1vel, desenvolvidos pelas Na\u00e7\u00f5es Unidas, como fator importante para o desenvolvimento das <a href=\"https:\/\/news.sap.com\/brazil\/2019\/04\/cidades-inteligentes-a-mobilidade-no-futuro\/?url_id=text-blogentry-innovationBlogBR-2020_blog-original-post-otherpost\" target=\"_blank\" rel=\"noopener noreferrer\">cidades inteligentes<\/a> e o incentivo aos transportes individuais n\u00e3o poluentes, como as bicicletas e ve\u00edculos el\u00e9tricos, refor\u00e7ando a defesa do acesso ao transporte p\u00fablico sustent\u00e1vel como forma de inclus\u00e3o social.<\/p>\n<p>Nesse momento de pandemia, em que os servi\u00e7os essenciais precisam funcionar e que pessoas que moram em regi\u00f5es perif\u00e9ricas utilizam os transportes p\u00fablico para chegar \u00e0s unidades de atendimento de sa\u00fade, nada mais relevante que repensar os planejamentos de mobilidade urbana.<\/p>\n<p>Siga as redes sociais da 麻豆原创 para acompanhar mais informa\u00e7\u00f5es sobre mobilidade urbana: <a href=\"https:\/\/www.facebook.com\/sapbrasil\/\" target=\"_blank\" rel=\"noopener noreferrer\">Facebook\u00a0<\/a>\/\u00a0<a href=\"https:\/\/twitter.com\/麻豆原创Brasil\" target=\"_blank\" rel=\"noopener noreferrer\">Twitter\u00a0<\/a>\/\u00a0<a href=\"https:\/\/www.linkedin.com\/company\/1115\/\" target=\"_blank\" rel=\"noopener noreferrer\">LinkedIn\u00a0<\/a>\/\u00a0<a href=\"https:\/\/www.instagram.com\/sap_brasil\/\" target=\"_blank\" rel=\"noopener noreferrer\">Instagram<\/a> \/ <a href=\"https:\/\/widget.msgp.pl\/?id=66415e417325f13e20.82207836\" target=\"_blank\" rel=\"noopener noreferrer\">WhatsApp<\/a> \/ <a href=\"https:\/\/www.youtube.com\/user\/sapbrasil\" target=\"_blank\" rel=\"noopener noreferrer\">Youtube<\/a><\/p>\n<p>\u00a9 2020 麻豆原创 SE. All rights reserved. 麻豆原创 and other 麻豆原创 products and services mentioned herein as well as their respective logos are trademarks or registered trademarks of 麻豆原创 SE in Germany and other countries. Please see <a href=\"http:\/\/www.sap.com\/corporate-en\/legal\/copyright\/index.epx#trademark\" target=\"_blank\" rel=\"noopener noreferrer\">http:\/\/www.sap.com\/corporate-en\/legal\/copyright\/index.epx#trademark<\/a> for additional trademark information and notices.<\/p>\n","protected":false},"excerpt":{"rendered":"<p>Por: 麻豆原创 Brasil A mobilidade urbana \u00e9 item essencial para o funcionamento das cidades e o isolamento social causado pela pandemia est\u00e1 trazendo reflex\u00f5es importantes&#8230;<\/p>\n","protected":false},"author":561,"featured_media":12094,"comment_status":"closed","ping_status":"closed","sticky":false,"template":"","format":"standard","meta":{"footnotes":"","_links_to":"","_links_to_target":""},"categories":[5599814],"tags":[1032170,5598246,3501611],"sapn-display":[5599933,5599931,48431,48433],"sapn-type":[6114],"class_list":["post-12093","post","type-post","status-publish","format-standard","has-post-thumbnail","hentry","category-tecnologia","tag-cidades-inteligentes","tag-covid-19","tag-mobilidade-urbana","sapn-display-feature-hero","sapn-display-feature-spotlight","sapn-display-homepage-hero","sapn-display-hero","sapn-type-artigo"],"yoast_head":"<!-- This site is optimized with the Yoast SEO Premium plugin v26.9 (Yoast SEO v26.9) - https:\/\/yoast.com\/product\/yoast-seo-premium-wordpress\/ -->\n<title>Os impactos da COVID-19 na mobilidade urbana<\/title>\n<meta name=\"description\" content=\"A mobilidade urbana \u00e9 item essencial para o funcionamento das cidades e o isolamento social causado pela pandemia est\u00e1 trazendo reflex\u00f5es importantes sobre sua import\u00e2ncia.\" \/>\n<meta name=\"robots\" content=\"index, follow, max-snippet:-1, max-image-preview:large, max-video-preview:-1\" \/>\n<link rel=\"canonical\" href=\"https:\/\/news.sap.com\/brazil\/2020\/05\/os-impactos-da-covid-19-na-mobilidade-urbana-bl0g\/\" \/>\n<meta property=\"og:locale\" content=\"pt_BR\" \/>\n<meta property=\"og:type\" content=\"article\" \/>\n<meta property=\"og:title\" content=\"Os impactos da COVID-19 na mobilidade urbana\" \/>\n<meta property=\"og:description\" content=\"A mobilidade urbana \u00e9 item essencial para o funcionamento das cidades e o isolamento social causado pela pandemia est\u00e1 trazendo reflex\u00f5es importantes sobre sua import\u00e2ncia.\" \/>\n<meta property=\"og:url\" content=\"https:\/\/news.sap.com\/brazil\/2020\/05\/os-impactos-da-covid-19-na-mobilidade-urbana-bl0g\/\" \/>\n<meta property=\"og:site_name\" content=\"Sala de Imprensa 麻豆原创 Brasil\" \/>\n<meta property=\"article:published_time\" content=\"2020-05-19T12:00:13+00:00\" \/>\n<meta property=\"article:modified_time\" content=\"2023-10-19T17:09:52+00:00\" \/>\n<meta property=\"og:image\" content=\"https:\/\/news.sap.com\/brazil\/files\/2020\/05\/fb-5.jpg\" \/>\n\t<meta property=\"og:image:width\" content=\"565\" \/>\n\t<meta property=\"og:image:height\" content=\"292\" \/>\n\t<meta property=\"og:image:type\" content=\"image\/jpeg\" \/>\n<meta name=\"author\" content=\"麻豆原创 Brasil\" \/>\n<meta name=\"twitter:card\" content=\"summary_large_image\" \/>\n<meta name=\"twitter:title\" content=\"Os impactos da COVID-19 na mobilidade urbana\" \/>\n<meta name=\"twitter:creator\" content=\"@麻豆原创Brasil\" \/>\n<meta name=\"twitter:site\" content=\"@麻豆原创Brasil\" \/>\n<meta name=\"twitter:label1\" content=\"Escrito por\" \/>\n\t<meta name=\"twitter:data1\" content=\"麻豆原创 Brasil\" \/>\n\t<meta name=\"twitter:label2\" content=\"Est. tempo de leitura\" \/>\n\t<meta name=\"twitter:data2\" content=\"4 minutos\" \/>\n<script type=\"application\/ld+json\" class=\"yoast-schema-graph\">{\"@context\":\"https:\/\/schema.org\",\"@graph\":[{\"@type\":\"Article\",\"@id\":\"https:\/\/news.sap.com\/brazil\/2020\/05\/os-impactos-da-covid-19-na-mobilidade-urbana-bl0g\/#article\",\"isPartOf\":{\"@id\":\"https:\/\/news.sap.com\/brazil\/2020\/05\/os-impactos-da-covid-19-na-mobilidade-urbana-bl0g\/\"},\"author\":{\"name\":\"麻豆原创 Brasil\",\"@id\":\"https:\/\/news.sap.com\/brazil\/#\/schema\/person\/1cfc5d6de5ffdc23f1f3b1670a90ae3c\"},\"headline\":\"Os impactos da COVID-19 na mobilidade urbana\",\"datePublished\":\"2020-05-19T12:00:13+00:00\",\"dateModified\":\"2023-10-19T17:09:52+00:00\",\"mainEntityOfPage\":{\"@id\":\"https:\/\/news.sap.com\/brazil\/2020\/05\/os-impactos-da-covid-19-na-mobilidade-urbana-bl0g\/\"},\"wordCount\":757,\"image\":{\"@id\":\"https:\/\/news.sap.com\/brazil\/2020\/05\/os-impactos-da-covid-19-na-mobilidade-urbana-bl0g\/#primaryimage\"},\"thumbnailUrl\":\"https:\/\/news.sap.com\/brazil\/files\/2020\/05\/275393_275393_l_srgb_s_gl.jpg\",\"keywords\":[\"Cidades Inteligentes\",\"COVID-19\",\"mobilidade urbana\"],\"articleSection\":[\"Tecnologia\"],\"inLanguage\":\"pt-BR\"},{\"@type\":\"WebPage\",\"@id\":\"https:\/\/news.sap.com\/brazil\/2020\/05\/os-impactos-da-covid-19-na-mobilidade-urbana-bl0g\/\",\"url\":\"https:\/\/news.sap.com\/brazil\/2020\/05\/os-impactos-da-covid-19-na-mobilidade-urbana-bl0g\/\",\"name\":\"Os impactos da COVID-19 na mobilidade urbana\",\"isPartOf\":{\"@id\":\"https:\/\/news.sap.com\/brazil\/#website\"},\"primaryImageOfPage\":{\"@id\":\"https:\/\/news.sap.com\/brazil\/2020\/05\/os-impactos-da-covid-19-na-mobilidade-urbana-bl0g\/#primaryimage\"},\"image\":{\"@id\":\"https:\/\/news.sap.com\/brazil\/2020\/05\/os-impactos-da-covid-19-na-mobilidade-urbana-bl0g\/#primaryimage\"},\"thumbnailUrl\":\"https:\/\/news.sap.com\/brazil\/files\/2020\/05\/275393_275393_l_srgb_s_gl.jpg\",\"datePublished\":\"2020-05-19T12:00:13+00:00\",\"dateModified\":\"2023-10-19T17:09:52+00:00\",\"author\":{\"@id\":\"https:\/\/news.sap.com\/brazil\/#\/schema\/person\/1cfc5d6de5ffdc23f1f3b1670a90ae3c\"},\"description\":\"A mobilidade urbana \u00e9 item essencial para o funcionamento das cidades e o isolamento social causado pela pandemia est\u00e1 trazendo reflex\u00f5es importantes sobre sua import\u00e2ncia.\",\"breadcrumb\":{\"@id\":\"https:\/\/news.sap.com\/brazil\/2020\/05\/os-impactos-da-covid-19-na-mobilidade-urbana-bl0g\/#breadcrumb\"},\"inLanguage\":\"pt-BR\",\"potentialAction\":[{\"@type\":\"ReadAction\",\"target\":[\"https:\/\/news.sap.com\/brazil\/2020\/05\/os-impactos-da-covid-19-na-mobilidade-urbana-bl0g\/\"]}]},{\"@type\":\"ImageObject\",\"inLanguage\":\"pt-BR\",\"@id\":\"https:\/\/news.sap.com\/brazil\/2020\/05\/os-impactos-da-covid-19-na-mobilidade-urbana-bl0g\/#primaryimage\",\"url\":\"https:\/\/news.sap.com\/brazil\/files\/2020\/05\/275393_275393_l_srgb_s_gl.jpg\",\"contentUrl\":\"https:\/\/news.sap.com\/brazil\/files\/2020\/05\/275393_275393_l_srgb_s_gl.jpg\",\"width\":1400,\"height\":600,\"caption\":\"Arch Bridge\"},{\"@type\":\"BreadcrumbList\",\"@id\":\"https:\/\/news.sap.com\/brazil\/2020\/05\/os-impactos-da-covid-19-na-mobilidade-urbana-bl0g\/#breadcrumb\",\"itemListElement\":[{\"@type\":\"ListItem\",\"position\":1,\"name\":\"Home\",\"item\":\"https:\/\/news.sap.com\/brazil\/\"},{\"@type\":\"ListItem\",\"position\":2,\"name\":\"Os impactos da COVID-19 na mobilidade urbana\"}]},{\"@type\":\"WebSite\",\"@id\":\"https:\/\/news.sap.com\/brazil\/#website\",\"url\":\"https:\/\/news.sap.com\/brazil\/\",\"name\":\"Sala de Imprensa 麻豆原创 Brasil\",\"description\":\"Not\u00edcias e informa\u00e7\u00f5es sobre a 麻豆原创\",\"potentialAction\":[{\"@type\":\"SearchAction\",\"target\":{\"@type\":\"EntryPoint\",\"urlTemplate\":\"https:\/\/news.sap.com\/brazil\/?s={search_term_string}\"},\"query-input\":{\"@type\":\"PropertyValueSpecification\",\"valueRequired\":true,\"valueName\":\"search_term_string\"}}],\"inLanguage\":\"pt-BR\"},{\"@type\":\"Person\",\"@id\":\"https:\/\/news.sap.com\/brazil\/#\/schema\/person\/1cfc5d6de5ffdc23f1f3b1670a90ae3c\",\"name\":\"麻豆原创 Brasil\",\"image\":{\"@type\":\"ImageObject\",\"inLanguage\":\"pt-BR\",\"@id\":\"https:\/\/news.sap.com\/brazil\/#\/schema\/person\/image\/\",\"url\":\"https:\/\/news.sap.com\/brazil\/wp-content\/plugins\/wp-user-avatars\/wp-user-avatars\/assets\/images\/mystery.jpg\",\"contentUrl\":\"https:\/\/news.sap.com\/brazil\/wp-content\/plugins\/wp-user-avatars\/wp-user-avatars\/assets\/images\/mystery.jpg\",\"caption\":\"麻豆原创 Brasil\"},\"url\":\"https:\/\/news.sap.com\/brazil\/author\/raquelcasciato\/\"}]}<\/script>\n<!-- \/ Yoast SEO Premium plugin. -->","yoast_head_json":{"title":"Os impactos da COVID-19 na mobilidade urbana","description":"A mobilidade urbana \u00e9 item essencial para o funcionamento das cidades e o isolamento social causado pela pandemia est\u00e1 trazendo reflex\u00f5es importantes sobre sua import\u00e2ncia.","robots":{"index":"index","follow":"follow","max-snippet":"max-snippet:-1","max-image-preview":"max-image-preview:large","max-video-preview":"max-video-preview:-1"},"canonical":"https:\/\/news.sap.com\/brazil\/2020\/05\/os-impactos-da-covid-19-na-mobilidade-urbana-bl0g\/","og_locale":"pt_BR","og_type":"article","og_title":"Os impactos da COVID-19 na mobilidade urbana","og_description":"A mobilidade urbana \u00e9 item essencial para o funcionamento das cidades e o isolamento social causado pela pandemia est\u00e1 trazendo reflex\u00f5es importantes sobre sua import\u00e2ncia.","og_url":"https:\/\/news.sap.com\/brazil\/2020\/05\/os-impactos-da-covid-19-na-mobilidade-urbana-bl0g\/","og_site_name":"Sala de Imprensa 麻豆原创 Brasil","article_published_time":"2020-05-19T12:00:13+00:00","article_modified_time":"2023-10-19T17:09:52+00:00","og_image":[{"width":565,"height":292,"url":"https:\/\/news.sap.com\/brazil\/files\/2020\/05\/fb-5.jpg","type":"image\/jpeg"}],"author":"麻豆原创 Brasil","twitter_card":"summary_large_image","twitter_title":"Os impactos da COVID-19 na mobilidade urbana","twitter_creator":"@麻豆原创Brasil","twitter_site":"@麻豆原创Brasil","twitter_misc":{"Escrito por":"麻豆原创 Brasil","Est. tempo de leitura":"4 minutos"},"schema":{"@context":"https:\/\/schema.org","@graph":[{"@type":"Article","@id":"https:\/\/news.sap.com\/brazil\/2020\/05\/os-impactos-da-covid-19-na-mobilidade-urbana-bl0g\/#article","isPartOf":{"@id":"https:\/\/news.sap.com\/brazil\/2020\/05\/os-impactos-da-covid-19-na-mobilidade-urbana-bl0g\/"},"author":{"name":"麻豆原创 Brasil","@id":"https:\/\/news.sap.com\/brazil\/#\/schema\/person\/1cfc5d6de5ffdc23f1f3b1670a90ae3c"},"headline":"Os impactos da COVID-19 na mobilidade urbana","datePublished":"2020-05-19T12:00:13+00:00","dateModified":"2023-10-19T17:09:52+00:00","mainEntityOfPage":{"@id":"https:\/\/news.sap.com\/brazil\/2020\/05\/os-impactos-da-covid-19-na-mobilidade-urbana-bl0g\/"},"wordCount":757,"image":{"@id":"https:\/\/news.sap.com\/brazil\/2020\/05\/os-impactos-da-covid-19-na-mobilidade-urbana-bl0g\/#primaryimage"},"thumbnailUrl":"https:\/\/news.sap.com\/brazil\/files\/2020\/05\/275393_275393_l_srgb_s_gl.jpg","keywords":["Cidades Inteligentes","COVID-19","mobilidade urbana"],"articleSection":["Tecnologia"],"inLanguage":"pt-BR"},{"@type":"WebPage","@id":"https:\/\/news.sap.com\/brazil\/2020\/05\/os-impactos-da-covid-19-na-mobilidade-urbana-bl0g\/","url":"https:\/\/news.sap.com\/brazil\/2020\/05\/os-impactos-da-covid-19-na-mobilidade-urbana-bl0g\/","name":"Os impactos da COVID-19 na mobilidade urbana","isPartOf":{"@id":"https:\/\/news.sap.com\/brazil\/#website"},"primaryImageOfPage":{"@id":"https:\/\/news.sap.com\/brazil\/2020\/05\/os-impactos-da-covid-19-na-mobilidade-urbana-bl0g\/#primaryimage"},"image":{"@id":"https:\/\/news.sap.com\/brazil\/2020\/05\/os-impactos-da-covid-19-na-mobilidade-urbana-bl0g\/#primaryimage"},"thumbnailUrl":"https:\/\/news.sap.com\/brazil\/files\/2020\/05\/275393_275393_l_srgb_s_gl.jpg","datePublished":"2020-05-19T12:00:13+00:00","dateModified":"2023-10-19T17:09:52+00:00","author":{"@id":"https:\/\/news.sap.com\/brazil\/#\/schema\/person\/1cfc5d6de5ffdc23f1f3b1670a90ae3c"},"description":"A mobilidade urbana \u00e9 item essencial para o funcionamento das cidades e o isolamento social causado pela pandemia est\u00e1 trazendo reflex\u00f5es importantes sobre sua import\u00e2ncia.","breadcrumb":{"@id":"https:\/\/news.sap.com\/brazil\/2020\/05\/os-impactos-da-covid-19-na-mobilidade-urbana-bl0g\/#breadcrumb"},"inLanguage":"pt-BR","potentialAction":[{"@type":"ReadAction","target":["https:\/\/news.sap.com\/brazil\/2020\/05\/os-impactos-da-covid-19-na-mobilidade-urbana-bl0g\/"]}]},{"@type":"ImageObject","inLanguage":"pt-BR","@id":"https:\/\/news.sap.com\/brazil\/2020\/05\/os-impactos-da-covid-19-na-mobilidade-urbana-bl0g\/#primaryimage","url":"https:\/\/news.sap.com\/brazil\/files\/2020\/05\/275393_275393_l_srgb_s_gl.jpg","contentUrl":"https:\/\/news.sap.com\/brazil\/files\/2020\/05\/275393_275393_l_srgb_s_gl.jpg","width":1400,"height":600,"caption":"Arch Bridge"},{"@type":"BreadcrumbList","@id":"https:\/\/news.sap.com\/brazil\/2020\/05\/os-impactos-da-covid-19-na-mobilidade-urbana-bl0g\/#breadcrumb","itemListElement":[{"@type":"ListItem","position":1,"name":"Home","item":"https:\/\/news.sap.com\/brazil\/"},{"@type":"ListItem","position":2,"name":"Os impactos da COVID-19 na mobilidade urbana"}]},{"@type":"WebSite","@id":"https:\/\/news.sap.com\/brazil\/#website","url":"https:\/\/news.sap.com\/brazil\/","name":"Sala de Imprensa 麻豆原创 Brasil","description":"Not\u00edcias e informa\u00e7\u00f5es sobre a 麻豆原创","potentialAction":[{"@type":"SearchAction","target":{"@type":"EntryPoint","urlTemplate":"https:\/\/news.sap.com\/brazil\/?s={search_term_string}"},"query-input":{"@type":"PropertyValueSpecification","valueRequired":true,"valueName":"search_term_string"}}],"inLanguage":"pt-BR"},{"@type":"Person","@id":"https:\/\/news.sap.com\/brazil\/#\/schema\/person\/1cfc5d6de5ffdc23f1f3b1670a90ae3c","name":"麻豆原创 Brasil","image":{"@type":"ImageObject","inLanguage":"pt-BR","@id":"https:\/\/news.sap.com\/brazil\/#\/schema\/person\/image\/","url":"https:\/\/news.sap.com\/brazil\/wp-content\/plugins\/wp-user-avatars\/wp-user-avatars\/assets\/images\/mystery.jpg","contentUrl":"https:\/\/news.sap.com\/brazil\/wp-content\/plugins\/wp-user-avatars\/wp-user-avatars\/assets\/images\/mystery.jpg","caption":"麻豆原创 Brasil"},"url":"https:\/\/news.sap.com\/brazil\/author\/raquelcasciato\/"}]}},"amp_enabled":true,"_links":{"self":[{"href":"https:\/\/news.sap.com\/brazil\/wp-json\/wp\/v2\/posts\/12093","targetHints":{"allow":["GET"]}}],"collection":[{"href":"https:\/\/news.sap.com\/brazil\/wp-json\/wp\/v2\/posts"}],"about":[{"href":"https:\/\/news.sap.com\/brazil\/wp-json\/wp\/v2\/types\/post"}],"author":[{"embeddable":true,"href":"https:\/\/news.sap.com\/brazil\/wp-json\/wp\/v2\/users\/561"}],"replies":[{"embeddable":true,"href":"https:\/\/news.sap.com\/brazil\/wp-json\/wp\/v2\/comments?post=12093"}],"version-history":[{"count":0,"href":"https:\/\/news.sap.com\/brazil\/wp-json\/wp\/v2\/posts\/12093\/revisions"}],"wp:featuredmedia":[{"embeddable":true,"href":"https:\/\/news.sap.com\/brazil\/wp-json\/wp\/v2\/media\/12094"}],"wp:attachment":[{"href":"https:\/\/news.sap.com\/brazil\/wp-json\/wp\/v2\/media?parent=12093"}],"wp:term":[{"taxonomy":"category","embeddable":true,"href":"https:\/\/news.sap.com\/brazil\/wp-json\/wp\/v2\/categories?post=12093"},{"taxonomy":"post_tag","embeddable":true,"href":"https:\/\/news.sap.com\/brazil\/wp-json\/wp\/v2\/tags?post=12093"},{"taxonomy":"sapn-display","embeddable":true,"href":"https:\/\/news.sap.com\/brazil\/wp-json\/wp\/v2\/sapn-display?post=12093"},{"taxonomy":"sapn-type","embeddable":true,"href":"https:\/\/news.sap.com\/brazil\/wp-json\/wp\/v2\/sapn-type?post=12093"}],"curies":[{"name":"wp","href":"https:\/\/api.w.org\/{rel}","templated":true}]}}