  {"id":12075,"date":"2020-05-05T10:42:57","date_gmt":"2020-05-05T13:42:57","guid":{"rendered":"https:\/\/news.sap.com\/brazil\/?p=12075"},"modified":"2023-10-19T14:12:37","modified_gmt":"2023-10-19T17:12:37","slug":"acoes-adotadas-para-proteger-os-profissionais-de-saude-no-combate-ao-novo-coronavirus-bl0g","status":"publish","type":"post","link":"https:\/\/news.sap.com\/brazil\/2020\/05\/acoes-adotadas-para-proteger-os-profissionais-de-saude-no-combate-ao-novo-coronavirus-bl0g\/","title":{"rendered":"A\u00e7\u00f5es adotadas para proteger os profissionais de sa\u00fade no combate ao novo Coronav\u00edrus"},"content":{"rendered":"<p>Por: 麻豆原创 Brasil<\/p>\n<p><em>Lidando diretamente com pacientes contaminados pela COVID-19, profissionais de sa\u00fade devem ter equipamentos de prote\u00e7\u00e3o e suporte t\u00e9cnico constante das institui\u00e7\u00f5es<\/em><\/p>\n<p>Os profissionais de sa\u00fade est\u00e3o atuando em longas jornadas de trabalho, longe de casa e de seus familiares para evitar o risco de contamina\u00e7\u00e3o pelo Coronav\u00edrus. At\u00e9 a \u00faltima semana de abril, os <a href=\"http:\/\/www.cofen.gov.br\/fiscalizacao-identifica-4-602-profissionais-afastados-por-suspeita-de-covid-19_79347.html\" target=\"_blank\" rel=\"noopener noreferrer\">casos de afastamento desses profissionais <\/a>dos postos de trabalho por suspeita da doen\u00e7a passavam de quatro mil, de acordo com informa\u00e7\u00f5es divulgadas pelo Conselho Federal de Enfermagem. Refor\u00e7ar as medidas de prote\u00e7\u00e3o para os trabalhadores da \u00e1rea ajudar\u00e1 a manter um contingente para suprir o atendimento da popula\u00e7\u00e3o.<\/p>\n<p><strong>Suprimento de equipamentos de prote\u00e7\u00e3o individual (EPIs)<\/strong><\/p>\n<p>O uso de equipamentos de prote\u00e7\u00e3o individual durante o atendimento aos pacientes contaminados pelo Coronav\u00edrus ajuda a evitar que profissionais da sa\u00fade contraiam a doen\u00e7a. Para garantir que eles tenham os materiais necess\u00e1rios, entidades e grupos organizados t\u00eam se mobilizado pelo pa\u00eds, arrecadando dinheiro para compra de EPIs que s\u00e3o doados \u00e0s institui\u00e7\u00f5es de sa\u00fade e repassados aos profissionais.<\/p>\n<p><strong>Agilidade na compra de materiais para evitar escassez durante atendimento<\/strong><\/p>\n<p>Com a alta demanda pelos equipamentos, os hospitais podem aderir ao uso de <a href=\"https:\/\/my.ariba.com\/Discovery\" target=\"_blank\" rel=\"noopener noreferrer\">ferramentas que ajudam a localizar fornecedores<\/a> para compra de materiais, agilizando as entregas e evitando que suas equipes sofram com a falta de EPIs.<\/p>\n<p>Essas ferramentas tamb\u00e9m ajudam na realiza\u00e7\u00e3o de um controle mais espec\u00edfico sobre o uso dos equipamentos, permitindo que gestores acompanhem mais de perto a demanda de materiais e que possam se antecipar nos pedidos.<\/p>\n<p><strong>Hot\u00e9is preparados para receber profissionais de sa\u00fade<\/strong><\/p>\n<p>O <a href=\"https:\/\/www.agenciabrasilia.df.gov.br\/2020\/04\/28\/iniciada-a-selecao-de-hoteis-para-receber-profissionais-de-saude-do-df\/\" target=\"_blank\" rel=\"noopener noreferrer\">Distrito Federal est\u00e1 selecionando estabelecimentos de hospedagem e hotelaria<\/a> para abrigar os profissionais de sa\u00fade que est\u00e3o \u00e0 frente no atendimento de pacientes com a COVID-19 e que moram com pessoas pertencentes ao grupo de risco.<\/p>\n<p>A decis\u00e3o de abrigar os profissionais da sa\u00fade em hot\u00e9is \u00e9 parte das iniciativas que buscam ampliar os cuidados aos colaboradores dos hospitais, que necessitam do isolamento social e de um espa\u00e7o tranquilo para descansar ap\u00f3s as intensas jornadas de trabalho a que est\u00e3o dedicados desde o in\u00edcio da pandemia.<\/p>\n<p><strong>Suporte profissional para quem est\u00e1 na linha de frente<\/strong><\/p>\n<p>Manter uma comunica\u00e7\u00e3o alinhada e pr\u00f3xima com os profissionais \u00e9 essencial para que eles possam se sentir seguros sobre procedimentos e tomada de decis\u00e3o durante os atendimentos. Essa proximidade tamb\u00e9m ajudar\u00e1 a equipe de gest\u00e3o a entender quais s\u00e3o as prioridades para compra de suprimentos e recursos em cada ala hospitalar, suprindo as necessidades de informa\u00e7\u00e3o e insumos.<\/p>\n<p><strong>Apoio psicol\u00f3gico para fortalecer a sa\u00fade emocional dos profissionais<\/strong><\/p>\n<p>O Brasil estima um <a href=\"https:\/\/www.gov.br\/pt-br\/noticias\/saude-e-vigilancia-sanitaria\/2020\/04\/ministerio-da-saude-vai-investir-em-suporte-psicologico-a-profissionais-de-saude\" target=\"_blank\" rel=\"noopener noreferrer\">investimento de R$ 2,3 milh\u00f5es em suporte psicol\u00f3gico<\/a> para os profissionais de sa\u00fade que est\u00e3o atendendo os pacientes com Coronav\u00edrus. A iniciativa busca amenizar os sofrimentos ps\u00edquicos causados aos trabalhadores em decorr\u00eancia das tens\u00f5es pela alta demanda de atendimento e das preocupa\u00e7\u00f5es em contrair a doen\u00e7a como estresse, depress\u00e3o, ansiedade e irritabilidade. Especialistas de diversas universidades do pa\u00eds est\u00e3o desenvolvendo manuais com modelos de atendimento psicol\u00f3gico espec\u00edfico para esse momento.<\/p>\n<p><strong>Cria\u00e7\u00e3o do Fundo Emergencial COVID-19<\/strong><\/p>\n<p>Com uma contribui\u00e7\u00e3o de \u20ac 3 milh\u00f5es, a 麻豆原创 criou <a href=\"https:\/\/news.sap.com\/brazil\/2020\/04\/sap-cria-fundo-emergencial-de-e3-milhoes-para-covid-19-e-amplia-apoio-de-parceiros-do-setor-social-em-nivel-mundial-bl0g\/?url_id=text-blogentry-innovationBlogBR-2020_blog-original-post-otherpost\" target=\"_blank\" rel=\"noopener noreferrer\">o Fundo Emergencial COVID-19<\/a>, que tem como objetivo atender \u00e0s necessidades urgentes da Organiza\u00e7\u00e3o Mundial da Sa\u00fade, da <a href=\"https:\/\/www.cdcfoundation.org\/our-story\" target=\"_blank\" rel=\"noopener noreferrer\">Funda\u00e7\u00e3o CDC<\/a> e de organiza\u00e7\u00f5es sem fins lucrativos e empresas menores que realizam trabalhos sociais apoiando comunidades locais durante a crise.<\/p>\n<p>A ideia \u00e9 contribuir para que mais pessoas sejam beneficiadas pelas a\u00e7\u00f5es de preven\u00e7\u00e3o e detec\u00e7\u00e3o do novo Coronav\u00edrus.<\/p>\n<p>Quem cuida tamb\u00e9m precisa receber cuidados para continuar ajudando na recupera\u00e7\u00e3o de pacientes e para passar por esse per\u00edodo com mais seguran\u00e7a.<\/p>\n<p>Continue acompanhando nossas redes sociais para receber mais informa\u00e7\u00f5es: <a href=\"https:\/\/www.facebook.com\/sapbrasil\/\" target=\"_blank\" rel=\"noopener noreferrer\">Facebook\u00a0<\/a>\/\u00a0<a href=\"https:\/\/twitter.com\/麻豆原创Brasil\" target=\"_blank\" rel=\"noopener noreferrer\">Twitter\u00a0<\/a>\/\u00a0<a href=\"https:\/\/www.linkedin.com\/company\/1115\/\" target=\"_blank\" rel=\"noopener noreferrer\">LinkedIn\u00a0<\/a>\/\u00a0<a href=\"https:\/\/www.instagram.com\/sap_brasil\/\" target=\"_blank\" rel=\"noopener noreferrer\">Instagram<\/a> \/ <a href=\"https:\/\/widget.msgp.pl\/?id=66415e417325f13e20.82207836\" target=\"_blank\" rel=\"noopener noreferrer\">WhatsApp<\/a> \/ <a href=\"https:\/\/www.youtube.com\/user\/sapbrasil\" target=\"_blank\" rel=\"noopener noreferrer\">Youtube<\/a><\/p>\n<p>\u00a9 2020 麻豆原创 SE. All rights reserved. 麻豆原创 and other 麻豆原创 products and services mentioned herein as well as their respective logos are trademarks or registered trademarks of 麻豆原创 SE in Germany and other countries. Please see <a href=\"http:\/\/www.sap.com\/corporate-en\/legal\/copyright\/index.epx#trademark\" target=\"_blank\" rel=\"noopener noreferrer\">http:\/\/www.sap.com\/corporate-en\/legal\/copyright\/index.epx#trademark<\/a> for additional trademark information and notices.<\/p>\n","protected":false},"excerpt":{"rendered":"<p>Por: 麻豆原创 Brasil Lidando diretamente com pacientes contaminados pela COVID-19, profissionais de sa\u00fade devem ter equipamentos de prote\u00e7\u00e3o e suporte t\u00e9cnico constante das institui\u00e7\u00f5es Os&#8230;<\/p>\n","protected":false},"author":561,"featured_media":12076,"comment_status":"closed","ping_status":"closed","sticky":false,"template":"","format":"standard","meta":{"footnotes":"","_links_to":"","_links_to_target":""},"categories":[52091],"tags":[5598246,5598554,16664,41879],"sapn-display":[5599933,5599931,48431,48433],"sapn-type":[6114],"class_list":["post-12075","post","type-post","status-publish","format-standard","has-post-thumbnail","hentry","category-industrias","tag-covid-19","tag-profissionais-de-saude","tag-saude","tag-servicos-publicos","sapn-display-feature-hero","sapn-display-feature-spotlight","sapn-display-homepage-hero","sapn-display-hero","sapn-type-artigo"],"yoast_head":"<!-- This site is optimized with the Yoast SEO Premium plugin v26.9 (Yoast SEO v26.9) - https:\/\/yoast.com\/product\/yoast-seo-premium-wordpress\/ -->\n<title>A\u00e7\u00f5es para proteger os profissionais de sa\u00fade do novo Coronav\u00edrus<\/title>\n<meta name=\"description\" content=\"Lidando diretamente com pacientes contaminados pela COVID-19, profissionais de sa\u00fade devem ter equipamentos de prote\u00e7\u00e3o e suporte t\u00e9cnico constante das institui\u00e7\u00f5es.\" \/>\n<meta name=\"robots\" content=\"index, follow, max-snippet:-1, max-image-preview:large, max-video-preview:-1\" \/>\n<link rel=\"canonical\" href=\"https:\/\/news.sap.com\/brazil\/2020\/05\/acoes-adotadas-para-proteger-os-profissionais-de-saude-no-combate-ao-novo-coronavirus-bl0g\/\" \/>\n<meta property=\"og:locale\" content=\"pt_BR\" \/>\n<meta property=\"og:type\" content=\"article\" \/>\n<meta property=\"og:title\" content=\"A\u00e7\u00f5es adotadas para proteger os profissionais de sa\u00fade no combate ao novo Coronav\u00edrus\" \/>\n<meta property=\"og:description\" content=\"Lidando diretamente com pacientes contaminados pela COVID-19, profissionais de sa\u00fade devem ter equipamentos de prote\u00e7\u00e3o e suporte t\u00e9cnico constante das institui\u00e7\u00f5es.\" \/>\n<meta property=\"og:url\" content=\"https:\/\/news.sap.com\/brazil\/2020\/05\/acoes-adotadas-para-proteger-os-profissionais-de-saude-no-combate-ao-novo-coronavirus-bl0g\/\" \/>\n<meta property=\"og:site_name\" content=\"Sala de Imprensa 麻豆原创 Brasil\" \/>\n<meta property=\"article:published_time\" content=\"2020-05-05T13:42:57+00:00\" \/>\n<meta property=\"article:modified_time\" content=\"2023-10-19T17:12:37+00:00\" \/>\n<meta property=\"og:image\" content=\"https:\/\/news.sap.com\/brazil\/files\/2020\/05\/fb.jpg\" \/>\n\t<meta property=\"og:image:width\" content=\"565\" \/>\n\t<meta property=\"og:image:height\" content=\"292\" \/>\n\t<meta property=\"og:image:type\" content=\"image\/jpeg\" \/>\n<meta name=\"author\" content=\"麻豆原创 Brasil\" \/>\n<meta name=\"twitter:card\" content=\"summary_large_image\" \/>\n<meta name=\"twitter:title\" content=\"A\u00e7\u00f5es adotadas para proteger os profissionais de sa\u00fade no combate ao novo Coronav\u00edrus\" \/>\n<meta name=\"twitter:creator\" content=\"@麻豆原创Brasil\" \/>\n<meta name=\"twitter:site\" content=\"@麻豆原创Brasil\" \/>\n<meta name=\"twitter:label1\" content=\"Escrito por\" \/>\n\t<meta name=\"twitter:data1\" content=\"麻豆原创 Brasil\" \/>\n\t<meta name=\"twitter:label2\" content=\"Est. tempo de leitura\" \/>\n\t<meta name=\"twitter:data2\" content=\"4 minutos\" \/>\n<script type=\"application\/ld+json\" class=\"yoast-schema-graph\">{\"@context\":\"https:\/\/schema.org\",\"@graph\":[{\"@type\":\"Article\",\"@id\":\"https:\/\/news.sap.com\/brazil\/2020\/05\/acoes-adotadas-para-proteger-os-profissionais-de-saude-no-combate-ao-novo-coronavirus-bl0g\/#article\",\"isPartOf\":{\"@id\":\"https:\/\/news.sap.com\/brazil\/2020\/05\/acoes-adotadas-para-proteger-os-profissionais-de-saude-no-combate-ao-novo-coronavirus-bl0g\/\"},\"author\":{\"name\":\"麻豆原创 Brasil\",\"@id\":\"https:\/\/news.sap.com\/brazil\/#\/schema\/person\/1cfc5d6de5ffdc23f1f3b1670a90ae3c\"},\"headline\":\"A\u00e7\u00f5es adotadas para proteger os profissionais de sa\u00fade no combate ao novo Coronav\u00edrus\",\"datePublished\":\"2020-05-05T13:42:57+00:00\",\"dateModified\":\"2023-10-19T17:12:37+00:00\",\"mainEntityOfPage\":{\"@id\":\"https:\/\/news.sap.com\/brazil\/2020\/05\/acoes-adotadas-para-proteger-os-profissionais-de-saude-no-combate-ao-novo-coronavirus-bl0g\/\"},\"wordCount\":744,\"image\":{\"@id\":\"https:\/\/news.sap.com\/brazil\/2020\/05\/acoes-adotadas-para-proteger-os-profissionais-de-saude-no-combate-ao-novo-coronavirus-bl0g\/#primaryimage\"},\"thumbnailUrl\":\"https:\/\/news.sap.com\/brazil\/files\/2020\/05\/280740_GettyImages-500046141_super_low.jpg\",\"keywords\":[\"COVID-19\",\"Profissionais de sa\u00fade\",\"sa\u00fade\",\"servi\u00e7os p\u00fablicos\"],\"articleSection\":[\"Setores\"],\"inLanguage\":\"pt-BR\"},{\"@type\":\"WebPage\",\"@id\":\"https:\/\/news.sap.com\/brazil\/2020\/05\/acoes-adotadas-para-proteger-os-profissionais-de-saude-no-combate-ao-novo-coronavirus-bl0g\/\",\"url\":\"https:\/\/news.sap.com\/brazil\/2020\/05\/acoes-adotadas-para-proteger-os-profissionais-de-saude-no-combate-ao-novo-coronavirus-bl0g\/\",\"name\":\"A\u00e7\u00f5es para proteger os profissionais de sa\u00fade do novo Coronav\u00edrus\",\"isPartOf\":{\"@id\":\"https:\/\/news.sap.com\/brazil\/#website\"},\"primaryImageOfPage\":{\"@id\":\"https:\/\/news.sap.com\/brazil\/2020\/05\/acoes-adotadas-para-proteger-os-profissionais-de-saude-no-combate-ao-novo-coronavirus-bl0g\/#primaryimage\"},\"image\":{\"@id\":\"https:\/\/news.sap.com\/brazil\/2020\/05\/acoes-adotadas-para-proteger-os-profissionais-de-saude-no-combate-ao-novo-coronavirus-bl0g\/#primaryimage\"},\"thumbnailUrl\":\"https:\/\/news.sap.com\/brazil\/files\/2020\/05\/280740_GettyImages-500046141_super_low.jpg\",\"datePublished\":\"2020-05-05T13:42:57+00:00\",\"dateModified\":\"2023-10-19T17:12:37+00:00\",\"author\":{\"@id\":\"https:\/\/news.sap.com\/brazil\/#\/schema\/person\/1cfc5d6de5ffdc23f1f3b1670a90ae3c\"},\"description\":\"Lidando diretamente com pacientes contaminados pela COVID-19, profissionais de sa\u00fade devem ter equipamentos de prote\u00e7\u00e3o e suporte t\u00e9cnico constante das institui\u00e7\u00f5es.\",\"breadcrumb\":{\"@id\":\"https:\/\/news.sap.com\/brazil\/2020\/05\/acoes-adotadas-para-proteger-os-profissionais-de-saude-no-combate-ao-novo-coronavirus-bl0g\/#breadcrumb\"},\"inLanguage\":\"pt-BR\",\"potentialAction\":[{\"@type\":\"ReadAction\",\"target\":[\"https:\/\/news.sap.com\/brazil\/2020\/05\/acoes-adotadas-para-proteger-os-profissionais-de-saude-no-combate-ao-novo-coronavirus-bl0g\/\"]}]},{\"@type\":\"ImageObject\",\"inLanguage\":\"pt-BR\",\"@id\":\"https:\/\/news.sap.com\/brazil\/2020\/05\/acoes-adotadas-para-proteger-os-profissionais-de-saude-no-combate-ao-novo-coronavirus-bl0g\/#primaryimage\",\"url\":\"https:\/\/news.sap.com\/brazil\/files\/2020\/05\/280740_GettyImages-500046141_super_low.jpg\",\"contentUrl\":\"https:\/\/news.sap.com\/brazil\/files\/2020\/05\/280740_GettyImages-500046141_super_low.jpg\",\"width\":1400,\"height\":603},{\"@type\":\"BreadcrumbList\",\"@id\":\"https:\/\/news.sap.com\/brazil\/2020\/05\/acoes-adotadas-para-proteger-os-profissionais-de-saude-no-combate-ao-novo-coronavirus-bl0g\/#breadcrumb\",\"itemListElement\":[{\"@type\":\"ListItem\",\"position\":1,\"name\":\"Home\",\"item\":\"https:\/\/news.sap.com\/brazil\/\"},{\"@type\":\"ListItem\",\"position\":2,\"name\":\"A\u00e7\u00f5es adotadas para proteger os profissionais de sa\u00fade no combate ao novo Coronav\u00edrus\"}]},{\"@type\":\"WebSite\",\"@id\":\"https:\/\/news.sap.com\/brazil\/#website\",\"url\":\"https:\/\/news.sap.com\/brazil\/\",\"name\":\"Sala de Imprensa 麻豆原创 Brasil\",\"description\":\"Not\u00edcias e informa\u00e7\u00f5es sobre a 麻豆原创\",\"potentialAction\":[{\"@type\":\"SearchAction\",\"target\":{\"@type\":\"EntryPoint\",\"urlTemplate\":\"https:\/\/news.sap.com\/brazil\/?s={search_term_string}\"},\"query-input\":{\"@type\":\"PropertyValueSpecification\",\"valueRequired\":true,\"valueName\":\"search_term_string\"}}],\"inLanguage\":\"pt-BR\"},{\"@type\":\"Person\",\"@id\":\"https:\/\/news.sap.com\/brazil\/#\/schema\/person\/1cfc5d6de5ffdc23f1f3b1670a90ae3c\",\"name\":\"麻豆原创 Brasil\",\"image\":{\"@type\":\"ImageObject\",\"inLanguage\":\"pt-BR\",\"@id\":\"https:\/\/news.sap.com\/brazil\/#\/schema\/person\/image\/\",\"url\":\"https:\/\/news.sap.com\/brazil\/wp-content\/plugins\/wp-user-avatars\/wp-user-avatars\/assets\/images\/mystery.jpg\",\"contentUrl\":\"https:\/\/news.sap.com\/brazil\/wp-content\/plugins\/wp-user-avatars\/wp-user-avatars\/assets\/images\/mystery.jpg\",\"caption\":\"麻豆原创 Brasil\"},\"url\":\"https:\/\/news.sap.com\/brazil\/author\/raquelcasciato\/\"}]}<\/script>\n<!-- \/ Yoast SEO Premium plugin. -->","yoast_head_json":{"title":"A\u00e7\u00f5es para proteger os profissionais de sa\u00fade do novo Coronav\u00edrus","description":"Lidando diretamente com pacientes contaminados pela COVID-19, profissionais de sa\u00fade devem ter equipamentos de prote\u00e7\u00e3o e suporte t\u00e9cnico constante das institui\u00e7\u00f5es.","robots":{"index":"index","follow":"follow","max-snippet":"max-snippet:-1","max-image-preview":"max-image-preview:large","max-video-preview":"max-video-preview:-1"},"canonical":"https:\/\/news.sap.com\/brazil\/2020\/05\/acoes-adotadas-para-proteger-os-profissionais-de-saude-no-combate-ao-novo-coronavirus-bl0g\/","og_locale":"pt_BR","og_type":"article","og_title":"A\u00e7\u00f5es adotadas para proteger os profissionais de sa\u00fade no combate ao novo Coronav\u00edrus","og_description":"Lidando diretamente com pacientes contaminados pela COVID-19, profissionais de sa\u00fade devem ter equipamentos de prote\u00e7\u00e3o e suporte t\u00e9cnico constante das institui\u00e7\u00f5es.","og_url":"https:\/\/news.sap.com\/brazil\/2020\/05\/acoes-adotadas-para-proteger-os-profissionais-de-saude-no-combate-ao-novo-coronavirus-bl0g\/","og_site_name":"Sala de Imprensa 麻豆原创 Brasil","article_published_time":"2020-05-05T13:42:57+00:00","article_modified_time":"2023-10-19T17:12:37+00:00","og_image":[{"width":565,"height":292,"url":"https:\/\/news.sap.com\/brazil\/files\/2020\/05\/fb.jpg","type":"image\/jpeg"}],"author":"麻豆原创 Brasil","twitter_card":"summary_large_image","twitter_title":"A\u00e7\u00f5es adotadas para proteger os profissionais de sa\u00fade no combate ao novo Coronav\u00edrus","twitter_creator":"@麻豆原创Brasil","twitter_site":"@麻豆原创Brasil","twitter_misc":{"Escrito por":"麻豆原创 Brasil","Est. tempo de leitura":"4 minutos"},"schema":{"@context":"https:\/\/schema.org","@graph":[{"@type":"Article","@id":"https:\/\/news.sap.com\/brazil\/2020\/05\/acoes-adotadas-para-proteger-os-profissionais-de-saude-no-combate-ao-novo-coronavirus-bl0g\/#article","isPartOf":{"@id":"https:\/\/news.sap.com\/brazil\/2020\/05\/acoes-adotadas-para-proteger-os-profissionais-de-saude-no-combate-ao-novo-coronavirus-bl0g\/"},"author":{"name":"麻豆原创 Brasil","@id":"https:\/\/news.sap.com\/brazil\/#\/schema\/person\/1cfc5d6de5ffdc23f1f3b1670a90ae3c"},"headline":"A\u00e7\u00f5es adotadas para proteger os profissionais de sa\u00fade no combate ao novo Coronav\u00edrus","datePublished":"2020-05-05T13:42:57+00:00","dateModified":"2023-10-19T17:12:37+00:00","mainEntityOfPage":{"@id":"https:\/\/news.sap.com\/brazil\/2020\/05\/acoes-adotadas-para-proteger-os-profissionais-de-saude-no-combate-ao-novo-coronavirus-bl0g\/"},"wordCount":744,"image":{"@id":"https:\/\/news.sap.com\/brazil\/2020\/05\/acoes-adotadas-para-proteger-os-profissionais-de-saude-no-combate-ao-novo-coronavirus-bl0g\/#primaryimage"},"thumbnailUrl":"https:\/\/news.sap.com\/brazil\/files\/2020\/05\/280740_GettyImages-500046141_super_low.jpg","keywords":["COVID-19","Profissionais de sa\u00fade","sa\u00fade","servi\u00e7os p\u00fablicos"],"articleSection":["Setores"],"inLanguage":"pt-BR"},{"@type":"WebPage","@id":"https:\/\/news.sap.com\/brazil\/2020\/05\/acoes-adotadas-para-proteger-os-profissionais-de-saude-no-combate-ao-novo-coronavirus-bl0g\/","url":"https:\/\/news.sap.com\/brazil\/2020\/05\/acoes-adotadas-para-proteger-os-profissionais-de-saude-no-combate-ao-novo-coronavirus-bl0g\/","name":"A\u00e7\u00f5es para proteger os profissionais de sa\u00fade do novo Coronav\u00edrus","isPartOf":{"@id":"https:\/\/news.sap.com\/brazil\/#website"},"primaryImageOfPage":{"@id":"https:\/\/news.sap.com\/brazil\/2020\/05\/acoes-adotadas-para-proteger-os-profissionais-de-saude-no-combate-ao-novo-coronavirus-bl0g\/#primaryimage"},"image":{"@id":"https:\/\/news.sap.com\/brazil\/2020\/05\/acoes-adotadas-para-proteger-os-profissionais-de-saude-no-combate-ao-novo-coronavirus-bl0g\/#primaryimage"},"thumbnailUrl":"https:\/\/news.sap.com\/brazil\/files\/2020\/05\/280740_GettyImages-500046141_super_low.jpg","datePublished":"2020-05-05T13:42:57+00:00","dateModified":"2023-10-19T17:12:37+00:00","author":{"@id":"https:\/\/news.sap.com\/brazil\/#\/schema\/person\/1cfc5d6de5ffdc23f1f3b1670a90ae3c"},"description":"Lidando diretamente com pacientes contaminados pela COVID-19, profissionais de sa\u00fade devem ter equipamentos de prote\u00e7\u00e3o e suporte t\u00e9cnico constante das institui\u00e7\u00f5es.","breadcrumb":{"@id":"https:\/\/news.sap.com\/brazil\/2020\/05\/acoes-adotadas-para-proteger-os-profissionais-de-saude-no-combate-ao-novo-coronavirus-bl0g\/#breadcrumb"},"inLanguage":"pt-BR","potentialAction":[{"@type":"ReadAction","target":["https:\/\/news.sap.com\/brazil\/2020\/05\/acoes-adotadas-para-proteger-os-profissionais-de-saude-no-combate-ao-novo-coronavirus-bl0g\/"]}]},{"@type":"ImageObject","inLanguage":"pt-BR","@id":"https:\/\/news.sap.com\/brazil\/2020\/05\/acoes-adotadas-para-proteger-os-profissionais-de-saude-no-combate-ao-novo-coronavirus-bl0g\/#primaryimage","url":"https:\/\/news.sap.com\/brazil\/files\/2020\/05\/280740_GettyImages-500046141_super_low.jpg","contentUrl":"https:\/\/news.sap.com\/brazil\/files\/2020\/05\/280740_GettyImages-500046141_super_low.jpg","width":1400,"height":603},{"@type":"BreadcrumbList","@id":"https:\/\/news.sap.com\/brazil\/2020\/05\/acoes-adotadas-para-proteger-os-profissionais-de-saude-no-combate-ao-novo-coronavirus-bl0g\/#breadcrumb","itemListElement":[{"@type":"ListItem","position":1,"name":"Home","item":"https:\/\/news.sap.com\/brazil\/"},{"@type":"ListItem","position":2,"name":"A\u00e7\u00f5es adotadas para proteger os profissionais de sa\u00fade no combate ao novo Coronav\u00edrus"}]},{"@type":"WebSite","@id":"https:\/\/news.sap.com\/brazil\/#website","url":"https:\/\/news.sap.com\/brazil\/","name":"Sala de Imprensa 麻豆原创 Brasil","description":"Not\u00edcias e informa\u00e7\u00f5es sobre a 麻豆原创","potentialAction":[{"@type":"SearchAction","target":{"@type":"EntryPoint","urlTemplate":"https:\/\/news.sap.com\/brazil\/?s={search_term_string}"},"query-input":{"@type":"PropertyValueSpecification","valueRequired":true,"valueName":"search_term_string"}}],"inLanguage":"pt-BR"},{"@type":"Person","@id":"https:\/\/news.sap.com\/brazil\/#\/schema\/person\/1cfc5d6de5ffdc23f1f3b1670a90ae3c","name":"麻豆原创 Brasil","image":{"@type":"ImageObject","inLanguage":"pt-BR","@id":"https:\/\/news.sap.com\/brazil\/#\/schema\/person\/image\/","url":"https:\/\/news.sap.com\/brazil\/wp-content\/plugins\/wp-user-avatars\/wp-user-avatars\/assets\/images\/mystery.jpg","contentUrl":"https:\/\/news.sap.com\/brazil\/wp-content\/plugins\/wp-user-avatars\/wp-user-avatars\/assets\/images\/mystery.jpg","caption":"麻豆原创 Brasil"},"url":"https:\/\/news.sap.com\/brazil\/author\/raquelcasciato\/"}]}},"amp_enabled":true,"_links":{"self":[{"href":"https:\/\/news.sap.com\/brazil\/wp-json\/wp\/v2\/posts\/12075","targetHints":{"allow":["GET"]}}],"collection":[{"href":"https:\/\/news.sap.com\/brazil\/wp-json\/wp\/v2\/posts"}],"about":[{"href":"https:\/\/news.sap.com\/brazil\/wp-json\/wp\/v2\/types\/post"}],"author":[{"embeddable":true,"href":"https:\/\/news.sap.com\/brazil\/wp-json\/wp\/v2\/users\/561"}],"replies":[{"embeddable":true,"href":"https:\/\/news.sap.com\/brazil\/wp-json\/wp\/v2\/comments?post=12075"}],"version-history":[{"count":0,"href":"https:\/\/news.sap.com\/brazil\/wp-json\/wp\/v2\/posts\/12075\/revisions"}],"wp:featuredmedia":[{"embeddable":true,"href":"https:\/\/news.sap.com\/brazil\/wp-json\/wp\/v2\/media\/12076"}],"wp:attachment":[{"href":"https:\/\/news.sap.com\/brazil\/wp-json\/wp\/v2\/media?parent=12075"}],"wp:term":[{"taxonomy":"category","embeddable":true,"href":"https:\/\/news.sap.com\/brazil\/wp-json\/wp\/v2\/categories?post=12075"},{"taxonomy":"post_tag","embeddable":true,"href":"https:\/\/news.sap.com\/brazil\/wp-json\/wp\/v2\/tags?post=12075"},{"taxonomy":"sapn-display","embeddable":true,"href":"https:\/\/news.sap.com\/brazil\/wp-json\/wp\/v2\/sapn-display?post=12075"},{"taxonomy":"sapn-type","embeddable":true,"href":"https:\/\/news.sap.com\/brazil\/wp-json\/wp\/v2\/sapn-type?post=12075"}],"curies":[{"name":"wp","href":"https:\/\/api.w.org\/{rel}","templated":true}]}}