  {"id":12056,"date":"2020-04-24T09:00:31","date_gmt":"2020-04-24T12:00:31","guid":{"rendered":"https:\/\/news.sap.com\/brazil\/?p=12056"},"modified":"2023-10-19T14:12:46","modified_gmt":"2023-10-19T17:12:46","slug":"os-impactos-da-pandemia-no-varejo-e-como-o-setor-pode-reagir-a-crise-bl0g","status":"publish","type":"post","link":"https:\/\/news.sap.com\/brazil\/2020\/04\/os-impactos-da-pandemia-no-varejo-e-como-o-setor-pode-reagir-a-crise-bl0g\/","title":{"rendered":"Os impactos da pandemia no varejo e como o setor pode reagir \u00e0 crise"},"content":{"rendered":"<p>Enquanto pa\u00edses inteiros entram em quarentena e consumidores evitam cada vez mais o contato humano, os varejistas est\u00e3o trabalhando r\u00e1pido para se adaptar e reagir. A situa\u00e7\u00e3o muda a cada dia, o tempo de resposta \u00e9 curto, e os desafios envolvem n\u00e3o apenas estabilizar as opera\u00e7\u00f5es e atender a demanda flutuante dos clientes, mas tamb\u00e9m garantir a seguran\u00e7a dos colaboradores.<\/p>\n<p>Conversamos com Elia Chatah, L\u00edder da Vertical de Varejo da 麻豆原创 Brasil, sobre os impactos dessa pandemia nos neg\u00f3cios e como os varejistas podem se preparar para enfrentar os pr\u00f3ximos meses.<\/p>\n<p><strong>O varejo \u00e9 um dos setores mais impactados pela crise durante a pandemia da COVID-19. Na sua opini\u00e3o, quais devem ser as principais prioridades para os l\u00edderes dessas empresas nesse momento?<\/strong><\/p>\n<p>A COVID-19 \u00e9, antes de tudo, uma crise humana. E o varejo, por ser um neg\u00f3cio de pessoas, est\u00e1 enfrentando uma variedade de desafios imediatos. O avan\u00e7o da situa\u00e7\u00e3o vem causando um impacto crescente na economia global e pode se tornar mais grave nas pr\u00f3ximas semanas e meses.<\/p>\n<p>Na minha vis\u00e3o, o varejo nesse momento deve focar em 5 prioridades:<\/p>\n<ul>\n<li>Proteger seus colaboradores e manter as opera\u00e7\u00f5es<\/li>\n<li>Atender seus clientes e a comunidade<\/li>\n<li>Estabilizar a cadeia log\u00edstica<\/li>\n<li>Garantir o desempenho financeiro e a liquidez<\/li>\n<li>Redefinir e fortalecer as opera\u00e7\u00f5es de loja<\/li>\n<\/ul>\n<p><strong>Poderia falar mais sobre o impacto de cada um desses pontos que voc\u00ea menciona?<\/strong><\/p>\n<p><strong>\u00a0<\/strong>Com rela\u00e7\u00e3o aos <strong>colaboradores<\/strong>, sabemos que parte deles est\u00e1 trabalhando de casa, parte perdeu o emprego, e parte est\u00e1 em opera\u00e7\u00e3o, como \u00e9 o caso principalmente de supermercados e farm\u00e1cias. Dessa forma, a comunica\u00e7\u00e3o continuada com funcion\u00e1rios, clientes e fornecedores tornou-se ainda mais importante. Os l\u00edderes precisam implementar rotinas de seguran\u00e7a imediatas para garantir as devidas condi\u00e7\u00f5es de trabalho e, em muitos casos, realizar com urg\u00eancia a contrata\u00e7\u00e3o de pessoal contingente.<\/p>\n<p>Por outro lado, a nova condi\u00e7\u00e3o de confinamento mudou o <strong>comportamento de compras dos clientes<\/strong>, gerando uma demanda vol\u00e1til e imprevis\u00edvel, que muitas vezes resulta em compras por impulso. Os consumidores em casa adotaram o e-commerce como forma de compra segura, seja com recebimento em casa ou optando por retirar o produto na loja sem sair do carro. Passou ent\u00e3o a ser necess\u00e1ria uma resposta mais r\u00e1pida aos reabastecimentos e uma log\u00edstica eficiente para entrega dos pedidos.<\/p>\n<p>Neste cen\u00e1rio, a <strong>cadeia log\u00edstica<\/strong> foi extremamente impactada, gerando gargalos devido ao trabalho restrito, picos de demanda, recebimentos incertos por parte dos fornecedores, rupturas de estoques e perda de vendas, levando a um aumento de custos de opera\u00e7\u00e3o. Al\u00e9m disso, \u00e9 necess\u00e1rio um forte controle sobre a gest\u00e3o de caixa, o que pode gerar algumas interrup\u00e7\u00f5es de fornecimento e rompimento de contratos.<\/p>\n<p>Da mesma forma, o custo das <strong>opera\u00e7\u00f5es das lojas<\/strong> aumentou com a implementa\u00e7\u00e3o das medidas que foram necess\u00e1rias para prezar pela seguran\u00e7a e higiene de colaboradores e clientes. Torna-se necess\u00e1ria uma aten\u00e7\u00e3o ainda maior com rela\u00e7\u00e3o a produtos frescos e a r\u00e1pida adapta\u00e7\u00e3o ao modelo de entrega em loja dos pedidos feitos online<em> (pick up store).<\/em><\/p>\n<p>Finalmente, pa\u00edses inteiros sofrem com o <em>lockdown<\/em> e fecharam suas fronteiras, e precisamos pensar nos <strong>impactos a longo prazo<\/strong> com rela\u00e7\u00e3o a fornecimentos globais. Os impactos na cadeia log\u00edstica podem durar semanas ou at\u00e9 meses e existe uma aten\u00e7\u00e3o especial sobre a viabilidade, sustentabilidade e resili\u00eancia de todo esse novo processo de <em>fulfillment,<\/em> que gera um impacto n\u00e3o previs\u00edvel na liquidez e lucratividade das empresas.<\/p>\n<p><strong>O cen\u00e1rio \u00e9 de fato bastante desafiador. Como a tecnologia pode ajudar essas empresas de imediato a superar esse momento?<\/strong><\/p>\n<p>Existem diversas solu\u00e7\u00f5es que permitem que as organiza\u00e7\u00f5es avaliem rapidamente a moral e o bem-estar da <strong>for\u00e7a de trabalho<\/strong> que est\u00e1 remota ou em opera\u00e7\u00e3o. Entendendo melhor as emo\u00e7\u00f5es de cada colaborador \u00e9 poss\u00edvel agir rapidamente para melhorar esse novo ambiente de trabalho, o que impacta diretamente na produtividade em geral. Al\u00e9m disso, \u00e9 poss\u00edvel utilizar solu\u00e7\u00f5es para treinamentos r\u00e1pidos e \u00e0 dist\u00e2ncia sobre novas medidas de prote\u00e7\u00e3o, que tamb\u00e9m d\u00e3o agilidade ao <em>onboarding<\/em> de novos colaboradores. Nesse momento, tamb\u00e9m \u00e9 importante utilizar solu\u00e7\u00f5es que auxiliam na otimiza\u00e7\u00e3o do planejamento da escala dos colaboradores.<\/p>\n<p>Para ajudar o varejo a atender rapidamente a <strong>nova demanda do consumidor<\/strong> por compras online e retirada de produtos em loja, possui solu\u00e7\u00f5es de e-commerce com visibilidade de estoques em tempo real s\u00e3o essenciais, al\u00e9m de solu\u00e7\u00f5es que aceleram a inclus\u00e3o de novos fornecedores no modelo de <em>marketplace<\/em>.<\/p>\n<p>Como disse anteriormente, esse novo cen\u00e1rio gera uma instabilidade na <strong>cadeia log\u00edstica<\/strong> e a 麻豆原创, entendendo esse momento, est\u00e1 <a href=\"https:\/\/www.sap.com\/about\/global-health-safety.html?url_id=text-blogentry-innovationBlogBR-2019_blog-original-post-sapcom\" target=\"_blank\" rel=\"noopener noreferrer\">fornecendo acesso gratuito \u00e0s solu\u00e7\u00f5es que auxiliam o varejista<\/a> a avaliar o n\u00edvel de risco da rede de fornecedores, validando assim a continuidade dos neg\u00f3cios e os planos de recupera\u00e7\u00e3o (planejamento de continuidade de neg\u00f3cios) atrav\u00e9s do acompanhamento dos fornecedores de alto risco. A 麻豆原创 tamb\u00e9m abriu o acesso \u00e0s solu\u00e7\u00f5es de sourcing de produtos na rede Ariba.<\/p>\n<p>Para garantir o <strong>desempenho financeiro<\/strong> e a liquidez, solu\u00e7\u00f5es em nuvem ajudam a disponibilizar informa\u00e7\u00f5es em tempo real de receita, deprecia\u00e7\u00e3o e <em>markdowns<\/em>, custos adicionais de m\u00e3o-de-obra e impacto no fluxo de caixa. Nesse momento, essa visibilidade pode assegurar que produtos com baixo giro ou excesso de estoque estejam sendo vendidos com efici\u00eancia, protegendo as margens m\u00ednimas do produto.<\/p>\n<p>Por fim, para ajudar a fortalecer as <strong>opera\u00e7\u00f5es em lojas, <\/strong>\u00e9 interessante contar com solu\u00e7\u00f5es que v\u00e3o do <em>face checkout<\/em>, que permite ao cliente realizar o pagamento com reconhecimento facial, at\u00e9 solu\u00e7\u00f5es de entendimento do comportamento de compras do cliente, visibilidade de estoques em tempo real, e integra\u00e7\u00f5es com novos fornecedores de entrega, como Uber, taxis e at\u00e9 mesmo ciclistas.<\/p>\n<p>A 麻豆原创 oferece todas essas solu\u00e7\u00f5es e como forma de manter seu prop\u00f3sito, que \u00e9 ajudar o mundo a funcionar melhor e melhorar a vida das pessoas, <a href=\"https:\/\/www.sap.com\/brazil\/about\/global-health-safety.supply-chain.html?url_id=text-blogentry-innovationBlogBR-2019_blog-original-post-sapcom\" target=\"_blank\" rel=\"noopener noreferrer\">a empresa abriu acesso gratuito a diversas solu\u00e7\u00f5es<\/a> que ajudam nossos clientes nesse momento a manter o relacionamento com seus clientes, colaboradores e fornecedores. Neste momento de incertezas, o varejo pode contar com a 麻豆原创 para ajudar a superar os desafios gerados pela pandemia.<\/p>\n<p><a href=\"https:\/\/www.facebook.com\/sapbrasil\/\" target=\"_blank\" rel=\"noopener noreferrer\">Facebook\u00a0<\/a>\/\u00a0<a href=\"https:\/\/twitter.com\/麻豆原创Brasil\" target=\"_blank\" rel=\"noopener noreferrer\">Twitter\u00a0<\/a>\/\u00a0<a href=\"https:\/\/www.linkedin.com\/company\/1115\/\" target=\"_blank\" rel=\"noopener noreferrer\">LinkedIn\u00a0<\/a>\/\u00a0<a href=\"https:\/\/www.instagram.com\/sap_brasil\/\" target=\"_blank\" rel=\"noopener noreferrer\">Instagram<\/a> \/ <a href=\"https:\/\/widget.msgp.pl\/?id=66415e417325f13e20.82207836\" target=\"_blank\" rel=\"noopener noreferrer\">WhatsApp<\/a> \/ <a href=\"https:\/\/www.youtube.com\/user\/sapbrasil\" target=\"_blank\" rel=\"noopener noreferrer\">Youtube<\/a><\/p>\n<p>\u00a9 2020 麻豆原创 SE. All rights reserved. 麻豆原创 and other 麻豆原创 products and services mentioned herein as well as their respective logos are trademarks or registered trademarks of 麻豆原创 SE in Germany and other countries. Please see <a href=\"http:\/\/www.sap.com\/corporate-en\/legal\/copyright\/index.epx#trademark\" target=\"_blank\" rel=\"noopener noreferrer\">http:\/\/www.sap.com\/corporate-en\/legal\/copyright\/index.epx#trademark<\/a> for additional trademark information and notices.<\/p>\n","protected":false},"excerpt":{"rendered":"<p>Enquanto pa\u00edses inteiros entram em quarentena e consumidores evitam cada vez mais o contato humano, os varejistas est\u00e3o trabalhando r\u00e1pido para se adaptar e reagir&#8230;.<\/p>\n","protected":false},"author":561,"featured_media":12057,"comment_status":"closed","ping_status":"closed","sticky":false,"template":"","format":"standard","meta":{"footnotes":"","_links_to":"","_links_to_target":""},"categories":[52091],"tags":[5598246,24297,16576],"sapn-display":[5599933,5599931,48431,48433],"sapn-type":[6114],"class_list":["post-12056","post","type-post","status-publish","format-standard","has-post-thumbnail","hentry","category-industrias","tag-covid-19","tag-tecnologia","tag-varejo","sapn-display-feature-hero","sapn-display-feature-spotlight","sapn-display-homepage-hero","sapn-display-hero","sapn-type-artigo"],"yoast_head":"<!-- This site is optimized with the Yoast SEO Premium plugin v26.9 (Yoast SEO v26.9) - https:\/\/yoast.com\/product\/yoast-seo-premium-wordpress\/ -->\n<title>Os impactos da pandemia no varejo e como o setor pode reagir \u00e0 crise<\/title>\n<meta name=\"description\" content=\"Enquanto pa\u00edses inteiros entram em quarentena e consumidores evitam cada vez mais o contato humano, os varejistas est\u00e3o trabalhando r\u00e1pido para se adaptar e reagir.\" \/>\n<meta name=\"robots\" content=\"index, follow, max-snippet:-1, max-image-preview:large, max-video-preview:-1\" \/>\n<link rel=\"canonical\" href=\"https:\/\/news.sap.com\/brazil\/2020\/04\/os-impactos-da-pandemia-no-varejo-e-como-o-setor-pode-reagir-a-crise-bl0g\/\" \/>\n<meta property=\"og:locale\" content=\"pt_BR\" \/>\n<meta property=\"og:type\" content=\"article\" \/>\n<meta property=\"og:title\" content=\"Os impactos da pandemia no varejo e como o setor pode reagir \u00e0 crise\" \/>\n<meta property=\"og:description\" content=\"Enquanto pa\u00edses inteiros entram em quarentena e consumidores evitam cada vez mais o contato humano, os varejistas est\u00e3o trabalhando r\u00e1pido para se adaptar e reagir.\" \/>\n<meta property=\"og:url\" content=\"https:\/\/news.sap.com\/brazil\/2020\/04\/os-impactos-da-pandemia-no-varejo-e-como-o-setor-pode-reagir-a-crise-bl0g\/\" \/>\n<meta property=\"og:site_name\" content=\"Sala de Imprensa 麻豆原创 Brasil\" \/>\n<meta property=\"article:published_time\" content=\"2020-04-24T12:00:31+00:00\" \/>\n<meta property=\"article:modified_time\" content=\"2023-10-19T17:12:46+00:00\" \/>\n<meta property=\"og:image\" content=\"https:\/\/news.sap.com\/brazil\/files\/2020\/04\/fb-8.jpg\" \/>\n\t<meta property=\"og:image:width\" content=\"565\" \/>\n\t<meta property=\"og:image:height\" content=\"292\" \/>\n\t<meta property=\"og:image:type\" content=\"image\/jpeg\" \/>\n<meta name=\"author\" content=\"麻豆原创 Brasil\" \/>\n<meta name=\"twitter:card\" content=\"summary_large_image\" \/>\n<meta name=\"twitter:title\" content=\"Os impactos da pandemia no varejo e como o setor pode reagir \u00e0 crise\" \/>\n<meta name=\"twitter:creator\" content=\"@麻豆原创Brasil\" \/>\n<meta name=\"twitter:site\" content=\"@麻豆原创Brasil\" \/>\n<meta name=\"twitter:label1\" content=\"Escrito por\" \/>\n\t<meta name=\"twitter:data1\" content=\"麻豆原创 Brasil\" \/>\n\t<meta name=\"twitter:label2\" content=\"Est. tempo de leitura\" \/>\n\t<meta name=\"twitter:data2\" content=\"6 minutos\" \/>\n<script type=\"application\/ld+json\" class=\"yoast-schema-graph\">{\"@context\":\"https:\/\/schema.org\",\"@graph\":[{\"@type\":\"Article\",\"@id\":\"https:\/\/news.sap.com\/brazil\/2020\/04\/os-impactos-da-pandemia-no-varejo-e-como-o-setor-pode-reagir-a-crise-bl0g\/#article\",\"isPartOf\":{\"@id\":\"https:\/\/news.sap.com\/brazil\/2020\/04\/os-impactos-da-pandemia-no-varejo-e-como-o-setor-pode-reagir-a-crise-bl0g\/\"},\"author\":{\"name\":\"麻豆原创 Brasil\",\"@id\":\"https:\/\/news.sap.com\/brazil\/#\/schema\/person\/1cfc5d6de5ffdc23f1f3b1670a90ae3c\"},\"headline\":\"Os impactos da pandemia no varejo e como o setor pode reagir \u00e0 crise\",\"datePublished\":\"2020-04-24T12:00:31+00:00\",\"dateModified\":\"2023-10-19T17:12:46+00:00\",\"mainEntityOfPage\":{\"@id\":\"https:\/\/news.sap.com\/brazil\/2020\/04\/os-impactos-da-pandemia-no-varejo-e-como-o-setor-pode-reagir-a-crise-bl0g\/\"},\"wordCount\":1152,\"image\":{\"@id\":\"https:\/\/news.sap.com\/brazil\/2020\/04\/os-impactos-da-pandemia-no-varejo-e-como-o-setor-pode-reagir-a-crise-bl0g\/#primaryimage\"},\"thumbnailUrl\":\"https:\/\/news.sap.com\/brazil\/files\/2020\/04\/275825_275825_l_srgb_s_gl.jpg\",\"keywords\":[\"COVID-19\",\"Tecnologia\",\"varejo\"],\"articleSection\":[\"Setores\"],\"inLanguage\":\"pt-BR\"},{\"@type\":\"WebPage\",\"@id\":\"https:\/\/news.sap.com\/brazil\/2020\/04\/os-impactos-da-pandemia-no-varejo-e-como-o-setor-pode-reagir-a-crise-bl0g\/\",\"url\":\"https:\/\/news.sap.com\/brazil\/2020\/04\/os-impactos-da-pandemia-no-varejo-e-como-o-setor-pode-reagir-a-crise-bl0g\/\",\"name\":\"Os impactos da pandemia no varejo e como o setor pode reagir \u00e0 crise\",\"isPartOf\":{\"@id\":\"https:\/\/news.sap.com\/brazil\/#website\"},\"primaryImageOfPage\":{\"@id\":\"https:\/\/news.sap.com\/brazil\/2020\/04\/os-impactos-da-pandemia-no-varejo-e-como-o-setor-pode-reagir-a-crise-bl0g\/#primaryimage\"},\"image\":{\"@id\":\"https:\/\/news.sap.com\/brazil\/2020\/04\/os-impactos-da-pandemia-no-varejo-e-como-o-setor-pode-reagir-a-crise-bl0g\/#primaryimage\"},\"thumbnailUrl\":\"https:\/\/news.sap.com\/brazil\/files\/2020\/04\/275825_275825_l_srgb_s_gl.jpg\",\"datePublished\":\"2020-04-24T12:00:31+00:00\",\"dateModified\":\"2023-10-19T17:12:46+00:00\",\"author\":{\"@id\":\"https:\/\/news.sap.com\/brazil\/#\/schema\/person\/1cfc5d6de5ffdc23f1f3b1670a90ae3c\"},\"description\":\"Enquanto pa\u00edses inteiros entram em quarentena e consumidores evitam cada vez mais o contato humano, os varejistas est\u00e3o trabalhando r\u00e1pido para se adaptar e reagir.\",\"breadcrumb\":{\"@id\":\"https:\/\/news.sap.com\/brazil\/2020\/04\/os-impactos-da-pandemia-no-varejo-e-como-o-setor-pode-reagir-a-crise-bl0g\/#breadcrumb\"},\"inLanguage\":\"pt-BR\",\"potentialAction\":[{\"@type\":\"ReadAction\",\"target\":[\"https:\/\/news.sap.com\/brazil\/2020\/04\/os-impactos-da-pandemia-no-varejo-e-como-o-setor-pode-reagir-a-crise-bl0g\/\"]}]},{\"@type\":\"ImageObject\",\"inLanguage\":\"pt-BR\",\"@id\":\"https:\/\/news.sap.com\/brazil\/2020\/04\/os-impactos-da-pandemia-no-varejo-e-como-o-setor-pode-reagir-a-crise-bl0g\/#primaryimage\",\"url\":\"https:\/\/news.sap.com\/brazil\/files\/2020\/04\/275825_275825_l_srgb_s_gl.jpg\",\"contentUrl\":\"https:\/\/news.sap.com\/brazil\/files\/2020\/04\/275825_275825_l_srgb_s_gl.jpg\",\"width\":1400,\"height\":601,\"caption\":\"Cape Town, South Africa --- Box on conveyor belt in shipping area --- Image by \u00a9 Ocean\/Corbis\"},{\"@type\":\"BreadcrumbList\",\"@id\":\"https:\/\/news.sap.com\/brazil\/2020\/04\/os-impactos-da-pandemia-no-varejo-e-como-o-setor-pode-reagir-a-crise-bl0g\/#breadcrumb\",\"itemListElement\":[{\"@type\":\"ListItem\",\"position\":1,\"name\":\"Home\",\"item\":\"https:\/\/news.sap.com\/brazil\/\"},{\"@type\":\"ListItem\",\"position\":2,\"name\":\"Os impactos da pandemia no varejo e como o setor pode reagir \u00e0 crise\"}]},{\"@type\":\"WebSite\",\"@id\":\"https:\/\/news.sap.com\/brazil\/#website\",\"url\":\"https:\/\/news.sap.com\/brazil\/\",\"name\":\"Sala de Imprensa 麻豆原创 Brasil\",\"description\":\"Not\u00edcias e informa\u00e7\u00f5es sobre a 麻豆原创\",\"potentialAction\":[{\"@type\":\"SearchAction\",\"target\":{\"@type\":\"EntryPoint\",\"urlTemplate\":\"https:\/\/news.sap.com\/brazil\/?s={search_term_string}\"},\"query-input\":{\"@type\":\"PropertyValueSpecification\",\"valueRequired\":true,\"valueName\":\"search_term_string\"}}],\"inLanguage\":\"pt-BR\"},{\"@type\":\"Person\",\"@id\":\"https:\/\/news.sap.com\/brazil\/#\/schema\/person\/1cfc5d6de5ffdc23f1f3b1670a90ae3c\",\"name\":\"麻豆原创 Brasil\",\"image\":{\"@type\":\"ImageObject\",\"inLanguage\":\"pt-BR\",\"@id\":\"https:\/\/news.sap.com\/brazil\/#\/schema\/person\/image\/\",\"url\":\"https:\/\/news.sap.com\/brazil\/wp-content\/plugins\/wp-user-avatars\/wp-user-avatars\/assets\/images\/mystery.jpg\",\"contentUrl\":\"https:\/\/news.sap.com\/brazil\/wp-content\/plugins\/wp-user-avatars\/wp-user-avatars\/assets\/images\/mystery.jpg\",\"caption\":\"麻豆原创 Brasil\"},\"url\":\"https:\/\/news.sap.com\/brazil\/author\/raquelcasciato\/\"}]}<\/script>\n<!-- \/ Yoast SEO Premium plugin. -->","yoast_head_json":{"title":"Os impactos da pandemia no varejo e como o setor pode reagir \u00e0 crise","description":"Enquanto pa\u00edses inteiros entram em quarentena e consumidores evitam cada vez mais o contato humano, os varejistas est\u00e3o trabalhando r\u00e1pido para se adaptar e reagir.","robots":{"index":"index","follow":"follow","max-snippet":"max-snippet:-1","max-image-preview":"max-image-preview:large","max-video-preview":"max-video-preview:-1"},"canonical":"https:\/\/news.sap.com\/brazil\/2020\/04\/os-impactos-da-pandemia-no-varejo-e-como-o-setor-pode-reagir-a-crise-bl0g\/","og_locale":"pt_BR","og_type":"article","og_title":"Os impactos da pandemia no varejo e como o setor pode reagir \u00e0 crise","og_description":"Enquanto pa\u00edses inteiros entram em quarentena e consumidores evitam cada vez mais o contato humano, os varejistas est\u00e3o trabalhando r\u00e1pido para se adaptar e reagir.","og_url":"https:\/\/news.sap.com\/brazil\/2020\/04\/os-impactos-da-pandemia-no-varejo-e-como-o-setor-pode-reagir-a-crise-bl0g\/","og_site_name":"Sala de Imprensa 麻豆原创 Brasil","article_published_time":"2020-04-24T12:00:31+00:00","article_modified_time":"2023-10-19T17:12:46+00:00","og_image":[{"width":565,"height":292,"url":"https:\/\/news.sap.com\/brazil\/files\/2020\/04\/fb-8.jpg","type":"image\/jpeg"}],"author":"麻豆原创 Brasil","twitter_card":"summary_large_image","twitter_title":"Os impactos da pandemia no varejo e como o setor pode reagir \u00e0 crise","twitter_creator":"@麻豆原创Brasil","twitter_site":"@麻豆原创Brasil","twitter_misc":{"Escrito por":"麻豆原创 Brasil","Est. tempo de leitura":"6 minutos"},"schema":{"@context":"https:\/\/schema.org","@graph":[{"@type":"Article","@id":"https:\/\/news.sap.com\/brazil\/2020\/04\/os-impactos-da-pandemia-no-varejo-e-como-o-setor-pode-reagir-a-crise-bl0g\/#article","isPartOf":{"@id":"https:\/\/news.sap.com\/brazil\/2020\/04\/os-impactos-da-pandemia-no-varejo-e-como-o-setor-pode-reagir-a-crise-bl0g\/"},"author":{"name":"麻豆原创 Brasil","@id":"https:\/\/news.sap.com\/brazil\/#\/schema\/person\/1cfc5d6de5ffdc23f1f3b1670a90ae3c"},"headline":"Os impactos da pandemia no varejo e como o setor pode reagir \u00e0 crise","datePublished":"2020-04-24T12:00:31+00:00","dateModified":"2023-10-19T17:12:46+00:00","mainEntityOfPage":{"@id":"https:\/\/news.sap.com\/brazil\/2020\/04\/os-impactos-da-pandemia-no-varejo-e-como-o-setor-pode-reagir-a-crise-bl0g\/"},"wordCount":1152,"image":{"@id":"https:\/\/news.sap.com\/brazil\/2020\/04\/os-impactos-da-pandemia-no-varejo-e-como-o-setor-pode-reagir-a-crise-bl0g\/#primaryimage"},"thumbnailUrl":"https:\/\/news.sap.com\/brazil\/files\/2020\/04\/275825_275825_l_srgb_s_gl.jpg","keywords":["COVID-19","Tecnologia","varejo"],"articleSection":["Setores"],"inLanguage":"pt-BR"},{"@type":"WebPage","@id":"https:\/\/news.sap.com\/brazil\/2020\/04\/os-impactos-da-pandemia-no-varejo-e-como-o-setor-pode-reagir-a-crise-bl0g\/","url":"https:\/\/news.sap.com\/brazil\/2020\/04\/os-impactos-da-pandemia-no-varejo-e-como-o-setor-pode-reagir-a-crise-bl0g\/","name":"Os impactos da pandemia no varejo e como o setor pode reagir \u00e0 crise","isPartOf":{"@id":"https:\/\/news.sap.com\/brazil\/#website"},"primaryImageOfPage":{"@id":"https:\/\/news.sap.com\/brazil\/2020\/04\/os-impactos-da-pandemia-no-varejo-e-como-o-setor-pode-reagir-a-crise-bl0g\/#primaryimage"},"image":{"@id":"https:\/\/news.sap.com\/brazil\/2020\/04\/os-impactos-da-pandemia-no-varejo-e-como-o-setor-pode-reagir-a-crise-bl0g\/#primaryimage"},"thumbnailUrl":"https:\/\/news.sap.com\/brazil\/files\/2020\/04\/275825_275825_l_srgb_s_gl.jpg","datePublished":"2020-04-24T12:00:31+00:00","dateModified":"2023-10-19T17:12:46+00:00","author":{"@id":"https:\/\/news.sap.com\/brazil\/#\/schema\/person\/1cfc5d6de5ffdc23f1f3b1670a90ae3c"},"description":"Enquanto pa\u00edses inteiros entram em quarentena e consumidores evitam cada vez mais o contato humano, os varejistas est\u00e3o trabalhando r\u00e1pido para se adaptar e reagir.","breadcrumb":{"@id":"https:\/\/news.sap.com\/brazil\/2020\/04\/os-impactos-da-pandemia-no-varejo-e-como-o-setor-pode-reagir-a-crise-bl0g\/#breadcrumb"},"inLanguage":"pt-BR","potentialAction":[{"@type":"ReadAction","target":["https:\/\/news.sap.com\/brazil\/2020\/04\/os-impactos-da-pandemia-no-varejo-e-como-o-setor-pode-reagir-a-crise-bl0g\/"]}]},{"@type":"ImageObject","inLanguage":"pt-BR","@id":"https:\/\/news.sap.com\/brazil\/2020\/04\/os-impactos-da-pandemia-no-varejo-e-como-o-setor-pode-reagir-a-crise-bl0g\/#primaryimage","url":"https:\/\/news.sap.com\/brazil\/files\/2020\/04\/275825_275825_l_srgb_s_gl.jpg","contentUrl":"https:\/\/news.sap.com\/brazil\/files\/2020\/04\/275825_275825_l_srgb_s_gl.jpg","width":1400,"height":601,"caption":"Cape Town, South Africa --- Box on conveyor belt in shipping area --- Image by \u00a9 Ocean\/Corbis"},{"@type":"BreadcrumbList","@id":"https:\/\/news.sap.com\/brazil\/2020\/04\/os-impactos-da-pandemia-no-varejo-e-como-o-setor-pode-reagir-a-crise-bl0g\/#breadcrumb","itemListElement":[{"@type":"ListItem","position":1,"name":"Home","item":"https:\/\/news.sap.com\/brazil\/"},{"@type":"ListItem","position":2,"name":"Os impactos da pandemia no varejo e como o setor pode reagir \u00e0 crise"}]},{"@type":"WebSite","@id":"https:\/\/news.sap.com\/brazil\/#website","url":"https:\/\/news.sap.com\/brazil\/","name":"Sala de Imprensa 麻豆原创 Brasil","description":"Not\u00edcias e informa\u00e7\u00f5es sobre a 麻豆原创","potentialAction":[{"@type":"SearchAction","target":{"@type":"EntryPoint","urlTemplate":"https:\/\/news.sap.com\/brazil\/?s={search_term_string}"},"query-input":{"@type":"PropertyValueSpecification","valueRequired":true,"valueName":"search_term_string"}}],"inLanguage":"pt-BR"},{"@type":"Person","@id":"https:\/\/news.sap.com\/brazil\/#\/schema\/person\/1cfc5d6de5ffdc23f1f3b1670a90ae3c","name":"麻豆原创 Brasil","image":{"@type":"ImageObject","inLanguage":"pt-BR","@id":"https:\/\/news.sap.com\/brazil\/#\/schema\/person\/image\/","url":"https:\/\/news.sap.com\/brazil\/wp-content\/plugins\/wp-user-avatars\/wp-user-avatars\/assets\/images\/mystery.jpg","contentUrl":"https:\/\/news.sap.com\/brazil\/wp-content\/plugins\/wp-user-avatars\/wp-user-avatars\/assets\/images\/mystery.jpg","caption":"麻豆原创 Brasil"},"url":"https:\/\/news.sap.com\/brazil\/author\/raquelcasciato\/"}]}},"amp_enabled":true,"_links":{"self":[{"href":"https:\/\/news.sap.com\/brazil\/wp-json\/wp\/v2\/posts\/12056","targetHints":{"allow":["GET"]}}],"collection":[{"href":"https:\/\/news.sap.com\/brazil\/wp-json\/wp\/v2\/posts"}],"about":[{"href":"https:\/\/news.sap.com\/brazil\/wp-json\/wp\/v2\/types\/post"}],"author":[{"embeddable":true,"href":"https:\/\/news.sap.com\/brazil\/wp-json\/wp\/v2\/users\/561"}],"replies":[{"embeddable":true,"href":"https:\/\/news.sap.com\/brazil\/wp-json\/wp\/v2\/comments?post=12056"}],"version-history":[{"count":0,"href":"https:\/\/news.sap.com\/brazil\/wp-json\/wp\/v2\/posts\/12056\/revisions"}],"wp:featuredmedia":[{"embeddable":true,"href":"https:\/\/news.sap.com\/brazil\/wp-json\/wp\/v2\/media\/12057"}],"wp:attachment":[{"href":"https:\/\/news.sap.com\/brazil\/wp-json\/wp\/v2\/media?parent=12056"}],"wp:term":[{"taxonomy":"category","embeddable":true,"href":"https:\/\/news.sap.com\/brazil\/wp-json\/wp\/v2\/categories?post=12056"},{"taxonomy":"post_tag","embeddable":true,"href":"https:\/\/news.sap.com\/brazil\/wp-json\/wp\/v2\/tags?post=12056"},{"taxonomy":"sapn-display","embeddable":true,"href":"https:\/\/news.sap.com\/brazil\/wp-json\/wp\/v2\/sapn-display?post=12056"},{"taxonomy":"sapn-type","embeddable":true,"href":"https:\/\/news.sap.com\/brazil\/wp-json\/wp\/v2\/sapn-type?post=12056"}],"curies":[{"name":"wp","href":"https:\/\/api.w.org\/{rel}","templated":true}]}}