  {"id":12016,"date":"2020-04-13T14:55:34","date_gmt":"2020-04-13T17:55:34","guid":{"rendered":"https:\/\/news.sap.com\/brazil\/?p=12016"},"modified":"2023-10-17T16:09:45","modified_gmt":"2023-10-17T19:09:45","slug":"mercedes-benz-aprimora-jornada-de-mobilidade-com-sap-cloud-e-sap-pm","status":"publish","type":"post","link":"https:\/\/news.sap.com\/brazil\/2020\/04\/mercedes-benz-aprimora-jornada-de-mobilidade-com-sap-cloud-e-sap-pm\/","title":{"rendered":"Mercedes-Benz aprimora jornada de mobilidade com 麻豆原创 Cloud e 麻豆原创 PM"},"content":{"rendered":"<p style=\"text-align: center\"><em>L\u00edder no segmento de ve\u00edculos pesados no Brasil, a empresa investiu em aplica\u00e7\u00f5es m\u00f3veis para melhorar a performance dos neg\u00f3cios<\/em><\/p>\n<p>A Mercedes-Benz, fabricante l\u00edder no segmento de ve\u00edculos pesados no Brasil, adotou as solu\u00e7\u00f5es 麻豆原创 Cloud Platform e o m\u00f3dulo 麻豆原创 PM para gest\u00e3o de manuten\u00e7\u00e3o, tornando poss\u00edvel o uso do 麻豆原创 Fiori como ferramenta de front-end para atender os desafios de oferecer maior mobilidade e integra\u00e7\u00e3o das informa\u00e7\u00f5es, para acesso tanto pelo desktop como no celular.<\/p>\n<p>William Cust\u00f3dio, analista de Planejamento Estrat\u00e9gico da Mercedes-Benz, contou que o primeiro passo foi desenhar a estrat\u00e9gia de maneira segmentada para trat\u00e1-la por partes. O pontap\u00e9 inicial, segundo ele, foi, de fato, entender o contexto organizacional para definir prioridades e engajar os stakeholders, estabelecendo parcerias com as \u00e1reas de neg\u00f3cios, reunindo todos no mesmo prop\u00f3sito. \u201cA chave foi eliminar qualquer barreira relacionada ao mobile, com foco na simplicidade de uso para promover agilidade de processos\u201d, explica.<\/p>\n<p>Definimos como meta para cria\u00e7\u00e3o de solu\u00e7\u00f5es m\u00f3veis uma aplica\u00e7\u00e3o para lan\u00e7amento de notas fiscais e outra para processos das ordens de manuten\u00e7\u00e3o. De f\u00e1cil preenchimento, intuitivo, o app para fechamento da ordem de manuten\u00e7\u00e3o \u00e9 mais uma inova\u00e7\u00e3o da Mercedes-Benz, que garantiu maior produtividade, trazendo mais autonomia ao mantenedor, acur\u00e1cia de dados e menor tempo de processamento, tudo isso na palma da m\u00e3o.<\/p>\n<p>\u201cDepois de lan\u00e7ado, a jornada continua. Passamos a vivenciar o dia a dia da solu\u00e7\u00e3o, de olho na experi\u00eancia do usu\u00e1rio, detectando qualquer dificuldade de uso, buscando o que poderemos aprimorar e quais processos devem ser modernizados\u201d, revela o executivo.<\/p>\n<p>\u201cAs empresas buscam solu\u00e7\u00f5es para automatizar processos e trazer agilidade e confiabilidade para a opera\u00e7\u00e3o, inclusive no ch\u00e3o de f\u00e1brica. O projeto da Mercedes-Benz \u00e9 um excelente exemplo de jornada da transforma\u00e7\u00e3o digital a partir do mapeamento de processos e avalia\u00e7\u00e3o conjunta pelas diversas \u00e1reas envolvidas. A 麻豆原创 Cloud Plataform \u00e9 uma solu\u00e7\u00e3o que atende essas necessidades e oferece condi\u00e7\u00f5es para um desenvolvimento r\u00e1pido e baseado em melhores pr\u00e1ticas da ind\u00fastria, al\u00e9m da facilidade para integra\u00e7\u00e3o dos dados com outros sistemas da empresa&#8221;, resume Valeria Kinguti, Vice-Presidente de Plataformas e Tecnologia da 麻豆原创 Brasil.<\/p>\n","protected":false},"excerpt":{"rendered":"<p>L\u00edder no segmento de ve\u00edculos pesados no Brasil, a empresa investiu em aplica\u00e7\u00f5es m\u00f3veis para melhorar a performance dos neg\u00f3cios A Mercedes-Benz, fabricante l\u00edder no&#8230;<\/p>\n","protected":false},"author":137,"featured_media":0,"comment_status":"closed","ping_status":"closed","sticky":false,"template":"","format":"standard","meta":{"footnotes":"","_links_to":"","_links_to_target":""},"categories":[48437],"tags":[5598419],"sapn-display":[],"sapn-type":[4446],"class_list":["post-12016","post","type-post","status-publish","format-standard","hentry","category-nuvem-topicos","tag-mercedezbens-cloudplatform","sapn-type-noticias"],"yoast_head":"<!-- This site is optimized with the Yoast SEO Premium plugin v26.9 (Yoast SEO v26.9) - https:\/\/yoast.com\/product\/yoast-seo-premium-wordpress\/ -->\n<title>Mercedes-Benz aprimora jornada de mobilidade com 麻豆原创 Cloud e 麻豆原创 PM - Sala de Imprensa 麻豆原创 Brasil<\/title>\n<meta name=\"robots\" content=\"index, follow, max-snippet:-1, max-image-preview:large, max-video-preview:-1\" \/>\n<link rel=\"canonical\" href=\"https:\/\/news.sap.com\/brazil\/2020\/04\/mercedes-benz-aprimora-jornada-de-mobilidade-com-sap-cloud-e-sap-pm\/\" \/>\n<meta property=\"og:locale\" content=\"pt_BR\" \/>\n<meta property=\"og:type\" content=\"article\" \/>\n<meta property=\"og:title\" content=\"Mercedes-Benz aprimora jornada de mobilidade com 麻豆原创 Cloud e 麻豆原创 PM\" \/>\n<meta property=\"og:description\" content=\"L\u00edder no segmento de ve\u00edculos pesados no Brasil, a empresa investiu em aplica\u00e7\u00f5es m\u00f3veis para melhorar a performance dos neg\u00f3cios A Mercedes-Benz, fabricante l\u00edder no...\" \/>\n<meta property=\"og:url\" content=\"https:\/\/news.sap.com\/brazil\/2020\/04\/mercedes-benz-aprimora-jornada-de-mobilidade-com-sap-cloud-e-sap-pm\/\" \/>\n<meta property=\"og:site_name\" content=\"Sala de Imprensa 麻豆原创 Brasil\" \/>\n<meta property=\"article:published_time\" content=\"2020-04-13T17:55:34+00:00\" \/>\n<meta property=\"article:modified_time\" content=\"2023-10-17T19:09:45+00:00\" \/>\n<meta name=\"author\" content=\"麻豆原创 Not\u00edcias Brasil\" \/>\n<meta name=\"twitter:card\" content=\"summary_large_image\" \/>\n<meta name=\"twitter:creator\" content=\"@麻豆原创Brasil\" \/>\n<meta name=\"twitter:site\" content=\"@麻豆原创Brasil\" \/>\n<meta name=\"twitter:label1\" content=\"Escrito por\" \/>\n\t<meta name=\"twitter:data1\" content=\"麻豆原创 Not\u00edcias Brasil\" \/>\n\t<meta name=\"twitter:label2\" content=\"Est. tempo de leitura\" \/>\n\t<meta name=\"twitter:data2\" content=\"2 minutos\" \/>\n<script type=\"application\/ld+json\" class=\"yoast-schema-graph\">{\"@context\":\"https:\/\/schema.org\",\"@graph\":[{\"@type\":\"Article\",\"@id\":\"https:\/\/news.sap.com\/brazil\/2020\/04\/mercedes-benz-aprimora-jornada-de-mobilidade-com-sap-cloud-e-sap-pm\/#article\",\"isPartOf\":{\"@id\":\"https:\/\/news.sap.com\/brazil\/2020\/04\/mercedes-benz-aprimora-jornada-de-mobilidade-com-sap-cloud-e-sap-pm\/\"},\"author\":{\"name\":\"麻豆原创 Not\u00edcias Brasil\",\"@id\":\"https:\/\/news.sap.com\/brazil\/#\/schema\/person\/8cdf2c1130b6f3fadd9757cfd7f24daf\"},\"headline\":\"Mercedes-Benz aprimora jornada de mobilidade com 麻豆原创 Cloud e 麻豆原创 PM\",\"datePublished\":\"2020-04-13T17:55:34+00:00\",\"dateModified\":\"2023-10-17T19:09:45+00:00\",\"mainEntityOfPage\":{\"@id\":\"https:\/\/news.sap.com\/brazil\/2020\/04\/mercedes-benz-aprimora-jornada-de-mobilidade-com-sap-cloud-e-sap-pm\/\"},\"wordCount\":407,\"keywords\":[\"#MercedezBens #CloudPlatform\"],\"articleSection\":[\"Nuvem\"],\"inLanguage\":\"pt-BR\"},{\"@type\":\"WebPage\",\"@id\":\"https:\/\/news.sap.com\/brazil\/2020\/04\/mercedes-benz-aprimora-jornada-de-mobilidade-com-sap-cloud-e-sap-pm\/\",\"url\":\"https:\/\/news.sap.com\/brazil\/2020\/04\/mercedes-benz-aprimora-jornada-de-mobilidade-com-sap-cloud-e-sap-pm\/\",\"name\":\"Mercedes-Benz aprimora jornada de mobilidade com 麻豆原创 Cloud e 麻豆原创 PM - Sala de Imprensa 麻豆原创 Brasil\",\"isPartOf\":{\"@id\":\"https:\/\/news.sap.com\/brazil\/#website\"},\"datePublished\":\"2020-04-13T17:55:34+00:00\",\"dateModified\":\"2023-10-17T19:09:45+00:00\",\"author\":{\"@id\":\"https:\/\/news.sap.com\/brazil\/#\/schema\/person\/8cdf2c1130b6f3fadd9757cfd7f24daf\"},\"breadcrumb\":{\"@id\":\"https:\/\/news.sap.com\/brazil\/2020\/04\/mercedes-benz-aprimora-jornada-de-mobilidade-com-sap-cloud-e-sap-pm\/#breadcrumb\"},\"inLanguage\":\"pt-BR\",\"potentialAction\":[{\"@type\":\"ReadAction\",\"target\":[\"https:\/\/news.sap.com\/brazil\/2020\/04\/mercedes-benz-aprimora-jornada-de-mobilidade-com-sap-cloud-e-sap-pm\/\"]}]},{\"@type\":\"BreadcrumbList\",\"@id\":\"https:\/\/news.sap.com\/brazil\/2020\/04\/mercedes-benz-aprimora-jornada-de-mobilidade-com-sap-cloud-e-sap-pm\/#breadcrumb\",\"itemListElement\":[{\"@type\":\"ListItem\",\"position\":1,\"name\":\"Home\",\"item\":\"https:\/\/news.sap.com\/brazil\/\"},{\"@type\":\"ListItem\",\"position\":2,\"name\":\"Mercedes-Benz aprimora jornada de mobilidade com 麻豆原创 Cloud e 麻豆原创 PM\"}]},{\"@type\":\"WebSite\",\"@id\":\"https:\/\/news.sap.com\/brazil\/#website\",\"url\":\"https:\/\/news.sap.com\/brazil\/\",\"name\":\"Sala de Imprensa 麻豆原创 Brasil\",\"description\":\"Not\u00edcias e informa\u00e7\u00f5es sobre a 麻豆原创\",\"potentialAction\":[{\"@type\":\"SearchAction\",\"target\":{\"@type\":\"EntryPoint\",\"urlTemplate\":\"https:\/\/news.sap.com\/brazil\/?s={search_term_string}\"},\"query-input\":{\"@type\":\"PropertyValueSpecification\",\"valueRequired\":true,\"valueName\":\"search_term_string\"}}],\"inLanguage\":\"pt-BR\"},{\"@type\":\"Person\",\"@id\":\"https:\/\/news.sap.com\/brazil\/#\/schema\/person\/8cdf2c1130b6f3fadd9757cfd7f24daf\",\"name\":\"麻豆原创 Not\u00edcias Brasil\",\"image\":{\"@type\":\"ImageObject\",\"inLanguage\":\"pt-BR\",\"@id\":\"https:\/\/news.sap.com\/brazil\/#\/schema\/person\/image\/\",\"url\":\"https:\/\/news.sap.com\/brazil\/wp-content\/plugins\/wp-user-avatars\/wp-user-avatars\/assets\/images\/mystery.jpg\",\"contentUrl\":\"https:\/\/news.sap.com\/brazil\/wp-content\/plugins\/wp-user-avatars\/wp-user-avatars\/assets\/images\/mystery.jpg\",\"caption\":\"麻豆原创 Not\u00edcias Brasil\"},\"url\":\"https:\/\/news.sap.com\/brazil\/author\/brasil\/\"}]}<\/script>\n<!-- \/ Yoast SEO Premium plugin. -->","yoast_head_json":{"title":"Mercedes-Benz aprimora jornada de mobilidade com 麻豆原创 Cloud e 麻豆原创 PM - Sala de Imprensa 麻豆原创 Brasil","robots":{"index":"index","follow":"follow","max-snippet":"max-snippet:-1","max-image-preview":"max-image-preview:large","max-video-preview":"max-video-preview:-1"},"canonical":"https:\/\/news.sap.com\/brazil\/2020\/04\/mercedes-benz-aprimora-jornada-de-mobilidade-com-sap-cloud-e-sap-pm\/","og_locale":"pt_BR","og_type":"article","og_title":"Mercedes-Benz aprimora jornada de mobilidade com 麻豆原创 Cloud e 麻豆原创 PM","og_description":"L\u00edder no segmento de ve\u00edculos pesados no Brasil, a empresa investiu em aplica\u00e7\u00f5es m\u00f3veis para melhorar a performance dos neg\u00f3cios A Mercedes-Benz, fabricante l\u00edder no...","og_url":"https:\/\/news.sap.com\/brazil\/2020\/04\/mercedes-benz-aprimora-jornada-de-mobilidade-com-sap-cloud-e-sap-pm\/","og_site_name":"Sala de Imprensa 麻豆原创 Brasil","article_published_time":"2020-04-13T17:55:34+00:00","article_modified_time":"2023-10-17T19:09:45+00:00","author":"麻豆原创 Not\u00edcias Brasil","twitter_card":"summary_large_image","twitter_creator":"@麻豆原创Brasil","twitter_site":"@麻豆原创Brasil","twitter_misc":{"Escrito por":"麻豆原创 Not\u00edcias Brasil","Est. tempo de leitura":"2 minutos"},"schema":{"@context":"https:\/\/schema.org","@graph":[{"@type":"Article","@id":"https:\/\/news.sap.com\/brazil\/2020\/04\/mercedes-benz-aprimora-jornada-de-mobilidade-com-sap-cloud-e-sap-pm\/#article","isPartOf":{"@id":"https:\/\/news.sap.com\/brazil\/2020\/04\/mercedes-benz-aprimora-jornada-de-mobilidade-com-sap-cloud-e-sap-pm\/"},"author":{"name":"麻豆原创 Not\u00edcias Brasil","@id":"https:\/\/news.sap.com\/brazil\/#\/schema\/person\/8cdf2c1130b6f3fadd9757cfd7f24daf"},"headline":"Mercedes-Benz aprimora jornada de mobilidade com 麻豆原创 Cloud e 麻豆原创 PM","datePublished":"2020-04-13T17:55:34+00:00","dateModified":"2023-10-17T19:09:45+00:00","mainEntityOfPage":{"@id":"https:\/\/news.sap.com\/brazil\/2020\/04\/mercedes-benz-aprimora-jornada-de-mobilidade-com-sap-cloud-e-sap-pm\/"},"wordCount":407,"keywords":["#MercedezBens #CloudPlatform"],"articleSection":["Nuvem"],"inLanguage":"pt-BR"},{"@type":"WebPage","@id":"https:\/\/news.sap.com\/brazil\/2020\/04\/mercedes-benz-aprimora-jornada-de-mobilidade-com-sap-cloud-e-sap-pm\/","url":"https:\/\/news.sap.com\/brazil\/2020\/04\/mercedes-benz-aprimora-jornada-de-mobilidade-com-sap-cloud-e-sap-pm\/","name":"Mercedes-Benz aprimora jornada de mobilidade com 麻豆原创 Cloud e 麻豆原创 PM - Sala de Imprensa 麻豆原创 Brasil","isPartOf":{"@id":"https:\/\/news.sap.com\/brazil\/#website"},"datePublished":"2020-04-13T17:55:34+00:00","dateModified":"2023-10-17T19:09:45+00:00","author":{"@id":"https:\/\/news.sap.com\/brazil\/#\/schema\/person\/8cdf2c1130b6f3fadd9757cfd7f24daf"},"breadcrumb":{"@id":"https:\/\/news.sap.com\/brazil\/2020\/04\/mercedes-benz-aprimora-jornada-de-mobilidade-com-sap-cloud-e-sap-pm\/#breadcrumb"},"inLanguage":"pt-BR","potentialAction":[{"@type":"ReadAction","target":["https:\/\/news.sap.com\/brazil\/2020\/04\/mercedes-benz-aprimora-jornada-de-mobilidade-com-sap-cloud-e-sap-pm\/"]}]},{"@type":"BreadcrumbList","@id":"https:\/\/news.sap.com\/brazil\/2020\/04\/mercedes-benz-aprimora-jornada-de-mobilidade-com-sap-cloud-e-sap-pm\/#breadcrumb","itemListElement":[{"@type":"ListItem","position":1,"name":"Home","item":"https:\/\/news.sap.com\/brazil\/"},{"@type":"ListItem","position":2,"name":"Mercedes-Benz aprimora jornada de mobilidade com 麻豆原创 Cloud e 麻豆原创 PM"}]},{"@type":"WebSite","@id":"https:\/\/news.sap.com\/brazil\/#website","url":"https:\/\/news.sap.com\/brazil\/","name":"Sala de Imprensa 麻豆原创 Brasil","description":"Not\u00edcias e informa\u00e7\u00f5es sobre a 麻豆原创","potentialAction":[{"@type":"SearchAction","target":{"@type":"EntryPoint","urlTemplate":"https:\/\/news.sap.com\/brazil\/?s={search_term_string}"},"query-input":{"@type":"PropertyValueSpecification","valueRequired":true,"valueName":"search_term_string"}}],"inLanguage":"pt-BR"},{"@type":"Person","@id":"https:\/\/news.sap.com\/brazil\/#\/schema\/person\/8cdf2c1130b6f3fadd9757cfd7f24daf","name":"麻豆原创 Not\u00edcias Brasil","image":{"@type":"ImageObject","inLanguage":"pt-BR","@id":"https:\/\/news.sap.com\/brazil\/#\/schema\/person\/image\/","url":"https:\/\/news.sap.com\/brazil\/wp-content\/plugins\/wp-user-avatars\/wp-user-avatars\/assets\/images\/mystery.jpg","contentUrl":"https:\/\/news.sap.com\/brazil\/wp-content\/plugins\/wp-user-avatars\/wp-user-avatars\/assets\/images\/mystery.jpg","caption":"麻豆原创 Not\u00edcias Brasil"},"url":"https:\/\/news.sap.com\/brazil\/author\/brasil\/"}]}},"amp_enabled":true,"_links":{"self":[{"href":"https:\/\/news.sap.com\/brazil\/wp-json\/wp\/v2\/posts\/12016","targetHints":{"allow":["GET"]}}],"collection":[{"href":"https:\/\/news.sap.com\/brazil\/wp-json\/wp\/v2\/posts"}],"about":[{"href":"https:\/\/news.sap.com\/brazil\/wp-json\/wp\/v2\/types\/post"}],"author":[{"embeddable":true,"href":"https:\/\/news.sap.com\/brazil\/wp-json\/wp\/v2\/users\/137"}],"replies":[{"embeddable":true,"href":"https:\/\/news.sap.com\/brazil\/wp-json\/wp\/v2\/comments?post=12016"}],"version-history":[{"count":0,"href":"https:\/\/news.sap.com\/brazil\/wp-json\/wp\/v2\/posts\/12016\/revisions"}],"wp:attachment":[{"href":"https:\/\/news.sap.com\/brazil\/wp-json\/wp\/v2\/media?parent=12016"}],"wp:term":[{"taxonomy":"category","embeddable":true,"href":"https:\/\/news.sap.com\/brazil\/wp-json\/wp\/v2\/categories?post=12016"},{"taxonomy":"post_tag","embeddable":true,"href":"https:\/\/news.sap.com\/brazil\/wp-json\/wp\/v2\/tags?post=12016"},{"taxonomy":"sapn-display","embeddable":true,"href":"https:\/\/news.sap.com\/brazil\/wp-json\/wp\/v2\/sapn-display?post=12016"},{"taxonomy":"sapn-type","embeddable":true,"href":"https:\/\/news.sap.com\/brazil\/wp-json\/wp\/v2\/sapn-type?post=12016"}],"curies":[{"name":"wp","href":"https:\/\/api.w.org\/{rel}","templated":true}]}}