  {"id":12011,"date":"2020-04-13T17:37:15","date_gmt":"2020-04-13T20:37:15","guid":{"rendered":"https:\/\/news.sap.com\/brazil\/?p=12011"},"modified":"2023-10-19T14:12:59","modified_gmt":"2023-10-19T17:12:59","slug":"sap-cria-fundo-emergencial-de-e3-milhoes-para-covid-19-e-amplia-apoio-de-parceiros-do-setor-social-em-nivel-mundial-bl0g","status":"publish","type":"post","link":"https:\/\/news.sap.com\/brazil\/2020\/04\/sap-cria-fundo-emergencial-de-e3-milhoes-para-covid-19-e-amplia-apoio-de-parceiros-do-setor-social-em-nivel-mundial-bl0g\/","title":{"rendered":"麻豆原创 cria fundo emergencial de \u20ac3 milh\u00f5es para COVID-19 e amplia apoio de parceiros do setor social em n\u00edvel mundial"},"content":{"rendered":"<p><em>Grandes ou pequenas, toda contribui\u00e7\u00e3o \u00e9 importante na luta contra a COVID-19<\/em><\/p>\n<p>M\u00e9dicos, enfermeiros e profissionais de sa\u00fade destemidos cuidam daqueles que adoeceram, enquanto muitos pais assumem o duplo papel de genitores e professores. Cada um de n\u00f3s est\u00e1 se empenhando para proteger entes queridos e estranhos.<\/p>\n<p>A realidade \u00e9 que tanto sistemas quanto indiv\u00edduos precisam de apoio. Comunidades est\u00e3o lutando para atender cidad\u00e3os necessitados. A for\u00e7a de trabalho mudou drasticamente da noite para o dia. Empresas buscam manter seus neg\u00f3cios, e as cadeias de suprimentos se esfor\u00e7am para se manterem saud\u00e1veis. Com tantos desafios ao nosso redor, h\u00e1 tamb\u00e9m um mundo de oportunidades que pertence a todos n\u00f3s.<\/p>\n<p>N\u00e3o \u00e9 hora para fazer neg\u00f3cios como sempre fizemos. A coisa mais importante que todos podemos realizar &#8211; al\u00e9m de lavar as m\u00e3os &#8211; \u00e9 explorar nossos pontos fortes. A for\u00e7a da 麻豆原创 se concentra nas pessoas, produtos e parcerias que re\u00fanem mais de 440 mil empresas em 180 pa\u00edses.<\/p>\n<p><strong>Estamos todos juntos nisso <\/strong><\/p>\n<p>Em 20 de mar\u00e7o, mais de 43 mil cidad\u00e3os alem\u00e3es, entre eles Kevin Drieschner, gerente de produto da 麻豆原创, responderam a um pedido de ajuda por meio da \u201cWir vs. Virus, der Hackathon der Bundesregierung\u201d (N\u00f3s vs. V\u00edrus, do hackathon do governo alem\u00e3o).<\/p>\n<p>&#8220;Queria usar minhas habilidades em TI para ajudar e n\u00e3o estava sozinho&#8221;, compartilhou Drieschner. \u201cPessoas de diferentes setores e origens se uniram nesse desafio porque quer\u00edamos contribuir; no nosso caso, apoiando prestadores de cuidados de sa\u00fade e administradores hospitalares durante essa crise.&#8221;<\/p>\n<p>Atualmente, n\u00e3o existe um sistema uniforme para registrar e exibir a capacidade de leitos na Alemanha. Durante o fim de semana, Drieschner trabalhou virtualmente com ideias de prot\u00f3tipos de 30 pessoas, o que resultou no TrackYourBed, uma solu\u00e7\u00e3o responsiva baseada na Web que indica a disponibilidade de leitos hospitalares em tempo real. &#8220;Todos est\u00e3o altamente motivados para encontrar solu\u00e7\u00f5es para a COVID-19, mas nunca havia experimentado algo assim antes.&#8221;<\/p>\n<p>Atualmente, a 麻豆原创 est\u00e1 fazendo mais investimentos nessa a\u00e7\u00e3o, bem como em muitas outras ideias que surgiram por meio da corrida contra a COVID-19 na iniciativa <a href=\"https:\/\/www.sap.com\/corporate\/en\/company\/innovation\/one-billion-lives.html?url_id=text-blogentry-innovationBlogBR-2020_blog-original-post-sapcom\" target=\"_blank\" rel=\"noopener noreferrer\">麻豆原创 One Billion Lives<\/a>, programa de intraempreendedorismo social da empresa.<\/p>\n<p>Agora, mais do que nunca, os funcion\u00e1rios buscam usar suas habilidades para contribuir com o que podem. A 麻豆原创 ativou um plano de resposta para a COVID-19 para ajudar. A equipe de responsabilidade social corporativa (RSC) da 麻豆原创 est\u00e1 fornecendo infraestrutura e acelerando novas maneiras de participa\u00e7\u00e3o por meio de voluntariado virtual e consultoria gratuita, com mais de 50 projetos at\u00e9 o momento. Por exemplo, alguns l\u00edderes volunt\u00e1rios est\u00e3o promovendo semin\u00e1rios on-line para organiza\u00e7\u00f5es sem fins lucrativos sobre trabalho remoto, enquanto outros est\u00e3o oferecendo orienta\u00e7\u00e3o e treinamento para apoiar iniciativas na \u00e1rea de continuidade de neg\u00f3cios de empresas sociais.<\/p>\n<p><strong>Contribui\u00e7\u00e3o de \u20ac 3M para Fundo Emergencial COVID-19 e apoio ao setor social<\/strong><\/p>\n<p>A 麻豆原创 tamb\u00e9m criou um Fundo Emergencial COVID-19 de <strong>\u20ac <\/strong>3 milh\u00f5es para atender \u00e0s necessidades urgentes da Organiza\u00e7\u00e3o Mundial da Sa\u00fade (OMS), da <a href=\"https:\/\/www.cdcfoundation.org\/coronavirus\" target=\"_blank\" rel=\"noopener noreferrer\">Funda\u00e7\u00e3o CDC<\/a>, e de organiza\u00e7\u00f5es sem fins lucrativos e empresas sociais menores que trabalham na linha de frente, apoiando comunidades locais em crise.<\/p>\n<p>&#8220;A 麻豆原创 est\u00e1 com a OMS e apoia sua lideran\u00e7a na coordena\u00e7\u00e3o dos esfor\u00e7os globais de combate \u00e0 COVID-19&#8221;, afirma Alexandra van der Ploeg, chefe da \u00e1rea de RSC da 麻豆原创. \u201cEspecificamente, a 麻豆原创 est\u00e1 doando \u20ac 1 milh\u00e3o ao <a href=\"https:\/\/www.who.int\/emergencies\/diseases\/novel-coronavirus-2019\/donate\" target=\"_blank\" rel=\"noopener noreferrer\">Fundo de Solidariedade de Resposta \u00e0 COVID-19<\/a> da OMS, mantido pela Swiss Philanthropy Foundation e pela United Nations Foundation para atuar na preven\u00e7\u00e3o e na detec\u00e7\u00e3o do v\u00edrus.\u201d<\/p>\n<p>A \u00e1rea de RSC da 麻豆原创 mant\u00e9m parcerias com mais de 1.200 organiza\u00e7\u00f5es sem fins lucrativos e empresas sociais, que s\u00e3o de pequeno e m\u00e9dio porte, em sua maioria. Coletivamente, elas atendem a mais de 4,5 milh\u00f5es de jovens em 105 pa\u00edses, principalmente nos setores de educa\u00e7\u00e3o de qualidade, trabalho decente e empreendedorismo juvenil.<\/p>\n<p>&#8220;Com 1 bilh\u00e3o de crian\u00e7as atualmente fora da escola devido \u00e0 COVID-19, os servi\u00e7os dessas empresas s\u00e3o mais necess\u00e1rios agora do que nunca. No entanto, os problemas globais que est\u00e3o resolvendo s\u00e3o ainda mais complicados por conta da pandemia&#8221;, comenta Alexandra. &#8220;A 麻豆原创 est\u00e1 provendo recursos e conhecimento para ajudar nossos parceiros empresariais sem fins lucrativos e sociais a migrarem efetivamente para opera\u00e7\u00f5es remotas. Queremos ajudar a garantir que possam manter esses servi\u00e7os t\u00e3o necess\u00e1rios para suas comunidades e n\u00e3o precisem demitir funcion\u00e1rios.&#8221;<\/p>\n<p>Uma das parcerias estrat\u00e9gicas da 麻豆原创 \u00e9 a iniciativa mundial para adolescentes, <a href=\"https:\/\/www.wearefamilyfoundation.org\/three-dot-dash-program\" target=\"_blank\" rel=\"noopener noreferrer\">Three Dot Dash<\/a>, da We are Family Foundation, cujo cofundador \u00e9 o lend\u00e1rio m\u00fasico e produtor Nile Rodgers.<\/p>\n<p>&#8220;O mundo precisa de lideran\u00e7a, novas ideias durante esse momento sem precedentes, e a juventude global est\u00e1 na vanguarda de solu\u00e7\u00f5es inovadoras&#8221;, destaca Rodgers. &#8220;Nossa funda\u00e7\u00e3o \u00e9 grata pela s\u00f3lida parceria com a 麻豆原创, que nos permitir\u00e1 inovar e pensar de maneira diferente sobre como dimensionamos nosso alcance e expandimos o apoio de jovens l\u00edderes em todo o mundo&#8221;.<\/p>\n<p>Por mais de 10 anos, a We Are Family Foundation tem recebido l\u00edderes adolescentes de mais de 52 pa\u00edses. A 麻豆原创 se orgulha de apoiar a eles e suas solu\u00e7\u00f5es que mudam a vida de todos n\u00f3s, alcan\u00e7ando milh\u00f5es de pessoas em todo o mundo.<\/p>\n<p>Embora as doa\u00e7\u00f5es financeiras sejam uma maneira imediata de contribuir, o poder do apoio comunit\u00e1rio sustent\u00e1vel est\u00e1 no foco da a\u00e7\u00e3o da 麻豆原创 para o voluntariado qualificado durante todo o ano. Com milhares de volunt\u00e1rios como Kevin Drieschner, os funcion\u00e1rios da 麻豆原创 transferem seus servi\u00e7os profissionais e conhecimento para as organiza\u00e7\u00f5es em necessidade. Por exemplo, uma das principais prioridades do UNICEF agora \u00e9 garantir que as mensagens precisas e claras sobre a COVID-19 sejam entregues a todas as comunidades. A 麻豆原创 est\u00e1 reunindo volunt\u00e1rios para apoiar os esfor\u00e7os de comunica\u00e7\u00e3o, usando as m\u00eddias sociais para amplificar a <a href=\"https:\/\/www.unicef.org\/coronavirus\/covid-19\" target=\"_blank\" rel=\"noopener noreferrer\">a\u00e7\u00e3o da UNICEF relacionada \u00e0 COVID-19<\/a>. Volunt\u00e1rios qualificados criam um efeito multiplicador para os parceiros do setor social, ajudando-os a manter a escala e a acelerar o impacto social por muito tempo ap\u00f3s a pandemia.<\/p>\n<p><strong>Tecnologia com que voc\u00ea pode contar <\/strong><\/p>\n<p>Richard Primm, vice-presidente da 麻豆原创 para Am\u00e9rica do Norte, aponta que todos precisam saber que a 麻豆原创 \u00e9 um ponto de apoio com o qual podem contar nesse per\u00edodo. \u201cNossos clientes podem contar com os funcion\u00e1rios dedicados da 麻豆原创 para encontrar maneiras criativas, explorando nossas tecnologias, para ajud\u00e1-los a resolver seus maiores desafios.&#8221;<\/p>\n<p>Em circunst\u00e2ncias normais, compras corporativas n\u00e3o seriam um tema particularmente interessante. No entanto, na semana passada, Primm foi capaz de ajudar um cliente, a Ram Tool, a garantir <a href=\"https:\/\/www.businessinsider.com\/how-digital-is-changing-way-companies-respond-to-the-coronavirus-2020-3\" target=\"_blank\" rel=\"noopener noreferrer\">500 leitos hospitalares da Joerns Healthcare em apenas 30 minutos<\/a> usando o 麻豆原创 Ariba Discovery. A 麻豆原创 deu acesso a qualquer comprador para divulgar suas demandas imediatas de fornecimento e a qualquer fornecedor para atend\u00ea-las. Como observou a <a href=\"https:\/\/www.businessinsider.com\/how-digital-is-changing-way-companies-respond-to-the-coronavirus-2020-3\" target=\"_blank\" rel=\"noopener noreferrer\">Business Insider<\/a>, a hist\u00f3ria &#8220;mostra o poder da transforma\u00e7\u00e3o digital para ajudar as empresas a dar respostas durante a pandemia de coronav\u00edrus&#8221;.<\/p>\n<p>Se apenas uma pessoa como Primm pode causar impacto em minutos, simplesmente conectando organiza\u00e7\u00f5es por meio da tecnologia de plataformas, imagine o poder de um ecossistema em a\u00e7\u00e3o. Por meio da rede global da 麻豆原创, clientes, parceiros, institui\u00e7\u00f5es acad\u00eamicas e organiza\u00e7\u00f5es sem fins lucrativos em 180 pa\u00edses podem colaborar com a 麻豆原创 em torno do objetivo compartilhado de ajudar o mundo a funcionar melhor e de melhorar a vida das pessoas. As possibilidades s\u00e3o ilimitadas.<\/p>\n<p>Outra tecnologia dispon\u00edvel ao p\u00fablico gratuitamente \u00e9 o <a href=\"https:\/\/www.qualtrics.com\/here-to-help\/\" target=\"_blank\" rel=\"noopener noreferrer\">Remote Work Pulse<\/a>. A oferta da Qualtrics ajuda a avaliar se as organiza\u00e7\u00f5es est\u00e3o preparadas para adotar uma for\u00e7a de trabalho remota e se os funcion\u00e1rios t\u00eam o que precisam para serem bem-sucedidos nesse novo ambiente.<\/p>\n<p>Agora voc\u00ea pode estar se perguntando: &#8220;Como posso ajudar?&#8221; H\u00e1 algumas coisas que devemos aprender para produzir um impacto significativo na luta contra a COVID-19. Primeiro, ao abra\u00e7armos o poder das nossa redes e trabalhamos em conjunto, mesmo quando h\u00e1 uma dist\u00e2ncia f\u00edsica entre n\u00f3s, as solu\u00e7\u00f5es aparecem. E, segundo, nosso trabalho est\u00e1 em andamento. N\u00e3o h\u00e1 necessidade de esperar que surja a luz no fim do t\u00fanel para entrar em a\u00e7\u00e3o. Afinal, n\u00e3o sabemos quanto tempo essa fase durar\u00e1. Devemos buscar a luz agora.<\/p>\n<p>O plano de resposta da 麻豆原创, incluindo o Fundo Emergencial COVID-19, faz parte de uma a\u00e7\u00e3o mundial da empresa destacada em uma carta aberta dos coCEOs da 麻豆原创, Christian Klein e Jennifer Morgan: <a href=\"https:\/\/news.sap.com\/2020\/03\/sap-co-ceo-letter-covid-19\/?url_id=text-blogentry-innovationBlogBR-2020_blog-original-post-otherpost\" target=\"_blank\" rel=\"noopener noreferrer\">Together We Will Persevere<\/a> e <a href=\"https:\/\/news.sap.com\/2020\/03\/jennifer-morgan-mad-money-covid-19\/\">compartilhada por Morgan<\/a> no <em>Mad Money\u201d da <\/em>CNBC com <em>Jim Cramer<\/em>.<\/p>\n<p><em>Jennifer Beason \u00e9 chefe de Marketing de RSC e Comunica\u00e7\u00e3o da 麻豆原创.<\/em><br \/>\n<em>John Baxter \u00e9 vice-presidente de Marketing de Prop\u00f3sito e Experi\u00eancia da Marca da 麻豆原创.<\/p>\n<p><\/em><a href=\"https:\/\/www.facebook.com\/sapbrasil\/\" target=\"_blank\" rel=\"noopener noreferrer\">Facebook\u00a0<\/a>\/\u00a0<a href=\"https:\/\/twitter.com\/麻豆原创Brasil\" target=\"_blank\" rel=\"noopener noreferrer\">Twitter\u00a0<\/a>\/\u00a0<a href=\"https:\/\/www.linkedin.com\/company\/1115\/\" target=\"_blank\" rel=\"noopener noreferrer\">LinkedIn\u00a0<\/a>\/\u00a0<a href=\"https:\/\/www.instagram.com\/sap_brasil\/\" target=\"_blank\" rel=\"noopener noreferrer\">Instagram<\/a> \/ <a href=\"https:\/\/widget.msgp.pl\/?id=66415e417325f13e20.82207836\" target=\"_blank\" rel=\"noopener noreferrer\">WhatsApp<\/a> \/ <a href=\"https:\/\/www.youtube.com\/user\/sapbrasil\" target=\"_blank\" rel=\"noopener noreferrer\">Youtube<\/a><em><br \/>\n<\/em><\/p>\n","protected":false},"excerpt":{"rendered":"<p>Grandes ou pequenas, toda contribui\u00e7\u00e3o \u00e9 importante na luta contra a COVID-19 M\u00e9dicos, enfermeiros e profissionais de sa\u00fade destemidos cuidam daqueles que adoeceram, enquanto muitos&#8230;<\/p>\n","protected":false},"author":561,"featured_media":12012,"comment_status":"closed","ping_status":"closed","sticky":false,"template":"","format":"standard","meta":{"footnotes":"","_links_to":"","_links_to_target":""},"categories":[48439],"tags":[5598246,5598406],"sapn-display":[5599933,5599931,48431,48433],"sapn-type":[6114],"class_list":["post-12011","post","type-post","status-publish","format-standard","has-post-thumbnail","hentry","category-corporativo-topicos","tag-covid-19","tag-fundo-global-sap","sapn-display-feature-hero","sapn-display-feature-spotlight","sapn-display-homepage-hero","sapn-display-hero","sapn-type-artigo"],"yoast_head":"<!-- This site is optimized with the Yoast SEO Premium plugin v26.9 (Yoast SEO v26.9) - https:\/\/yoast.com\/product\/yoast-seo-premium-wordpress\/ -->\n<title>麻豆原创 cria fundo emergencial de \u20ac3 milh\u00f5es para COVID-19<\/title>\n<meta name=\"description\" content=\"A 麻豆原创 criou um Fundo Emergencial COVID-19 de \u20ac 3 milh\u00f5es para atender \u00e0s necessidades urgentes da Organiza\u00e7\u00e3o Mundial da Sa\u00fade (OMS), da Funda\u00e7\u00e3o CDC, e de organiza\u00e7\u00f5es sem fins lucrativos.\" \/>\n<meta name=\"robots\" content=\"index, follow, max-snippet:-1, max-image-preview:large, max-video-preview:-1\" \/>\n<link rel=\"canonical\" href=\"https:\/\/news.sap.com\/brazil\/2020\/04\/sap-cria-fundo-emergencial-de-e3-milhoes-para-covid-19-e-amplia-apoio-de-parceiros-do-setor-social-em-nivel-mundial-bl0g\/\" \/>\n<meta property=\"og:locale\" content=\"pt_BR\" \/>\n<meta property=\"og:type\" content=\"article\" \/>\n<meta property=\"og:title\" content=\"麻豆原创 cria fundo emergencial de \u20ac3 milh\u00f5es para COVID-19 e amplia apoio de parceiros do setor social em n\u00edvel mundial\" \/>\n<meta property=\"og:description\" content=\"A 麻豆原创 criou um Fundo Emergencial COVID-19 de \u20ac 3 milh\u00f5es para atender \u00e0s necessidades urgentes da Organiza\u00e7\u00e3o Mundial da Sa\u00fade (OMS), da Funda\u00e7\u00e3o CDC, e de organiza\u00e7\u00f5es sem fins lucrativos.\" \/>\n<meta property=\"og:url\" content=\"https:\/\/news.sap.com\/brazil\/2020\/04\/sap-cria-fundo-emergencial-de-e3-milhoes-para-covid-19-e-amplia-apoio-de-parceiros-do-setor-social-em-nivel-mundial-bl0g\/\" \/>\n<meta property=\"og:site_name\" content=\"Sala de Imprensa 麻豆原创 Brasil\" \/>\n<meta property=\"article:published_time\" content=\"2020-04-13T20:37:15+00:00\" \/>\n<meta property=\"article:modified_time\" content=\"2023-10-19T17:12:59+00:00\" \/>\n<meta property=\"og:image\" content=\"https:\/\/news.sap.com\/brazil\/files\/2020\/04\/fb-2.jpg\" \/>\n\t<meta property=\"og:image:width\" content=\"565\" \/>\n\t<meta property=\"og:image:height\" content=\"292\" \/>\n\t<meta property=\"og:image:type\" content=\"image\/jpeg\" \/>\n<meta name=\"author\" content=\"麻豆原创 Brasil\" \/>\n<meta name=\"twitter:card\" content=\"summary_large_image\" \/>\n<meta name=\"twitter:title\" content=\"麻豆原创 cria fundo emergencial de \u20ac3 milh\u00f5es para COVID-19 e amplia apoio de parceiros do setor social em n\u00edvel mundial\" \/>\n<meta name=\"twitter:creator\" content=\"@麻豆原创Brasil\" \/>\n<meta name=\"twitter:site\" content=\"@麻豆原创Brasil\" \/>\n<meta name=\"twitter:label1\" content=\"Escrito por\" \/>\n\t<meta name=\"twitter:data1\" content=\"麻豆原创 Brasil\" \/>\n\t<meta name=\"twitter:label2\" content=\"Est. tempo de leitura\" \/>\n\t<meta name=\"twitter:data2\" content=\"8 minutos\" \/>\n<script type=\"application\/ld+json\" class=\"yoast-schema-graph\">{\"@context\":\"https:\/\/schema.org\",\"@graph\":[{\"@type\":\"Article\",\"@id\":\"https:\/\/news.sap.com\/brazil\/2020\/04\/sap-cria-fundo-emergencial-de-e3-milhoes-para-covid-19-e-amplia-apoio-de-parceiros-do-setor-social-em-nivel-mundial-bl0g\/#article\",\"isPartOf\":{\"@id\":\"https:\/\/news.sap.com\/brazil\/2020\/04\/sap-cria-fundo-emergencial-de-e3-milhoes-para-covid-19-e-amplia-apoio-de-parceiros-do-setor-social-em-nivel-mundial-bl0g\/\"},\"author\":{\"name\":\"麻豆原创 Brasil\",\"@id\":\"https:\/\/news.sap.com\/brazil\/#\/schema\/person\/1cfc5d6de5ffdc23f1f3b1670a90ae3c\"},\"headline\":\"麻豆原创 cria fundo emergencial de \u20ac3 milh\u00f5es para COVID-19 e amplia apoio de parceiros do setor social em n\u00edvel mundial\",\"datePublished\":\"2020-04-13T20:37:15+00:00\",\"dateModified\":\"2023-10-19T17:12:59+00:00\",\"mainEntityOfPage\":{\"@id\":\"https:\/\/news.sap.com\/brazil\/2020\/04\/sap-cria-fundo-emergencial-de-e3-milhoes-para-covid-19-e-amplia-apoio-de-parceiros-do-setor-social-em-nivel-mundial-bl0g\/\"},\"wordCount\":1545,\"image\":{\"@id\":\"https:\/\/news.sap.com\/brazil\/2020\/04\/sap-cria-fundo-emergencial-de-e3-milhoes-para-covid-19-e-amplia-apoio-de-parceiros-do-setor-social-em-nivel-mundial-bl0g\/#primaryimage\"},\"thumbnailUrl\":\"https:\/\/news.sap.com\/brazil\/files\/2020\/04\/dest-2.jpg\",\"keywords\":[\"COVID-19\",\"Fundo Global 麻豆原创\"],\"articleSection\":[\"Corporativo\"],\"inLanguage\":\"pt-BR\"},{\"@type\":\"WebPage\",\"@id\":\"https:\/\/news.sap.com\/brazil\/2020\/04\/sap-cria-fundo-emergencial-de-e3-milhoes-para-covid-19-e-amplia-apoio-de-parceiros-do-setor-social-em-nivel-mundial-bl0g\/\",\"url\":\"https:\/\/news.sap.com\/brazil\/2020\/04\/sap-cria-fundo-emergencial-de-e3-milhoes-para-covid-19-e-amplia-apoio-de-parceiros-do-setor-social-em-nivel-mundial-bl0g\/\",\"name\":\"麻豆原创 cria fundo emergencial de \u20ac3 milh\u00f5es para COVID-19\",\"isPartOf\":{\"@id\":\"https:\/\/news.sap.com\/brazil\/#website\"},\"primaryImageOfPage\":{\"@id\":\"https:\/\/news.sap.com\/brazil\/2020\/04\/sap-cria-fundo-emergencial-de-e3-milhoes-para-covid-19-e-amplia-apoio-de-parceiros-do-setor-social-em-nivel-mundial-bl0g\/#primaryimage\"},\"image\":{\"@id\":\"https:\/\/news.sap.com\/brazil\/2020\/04\/sap-cria-fundo-emergencial-de-e3-milhoes-para-covid-19-e-amplia-apoio-de-parceiros-do-setor-social-em-nivel-mundial-bl0g\/#primaryimage\"},\"thumbnailUrl\":\"https:\/\/news.sap.com\/brazil\/files\/2020\/04\/dest-2.jpg\",\"datePublished\":\"2020-04-13T20:37:15+00:00\",\"dateModified\":\"2023-10-19T17:12:59+00:00\",\"author\":{\"@id\":\"https:\/\/news.sap.com\/brazil\/#\/schema\/person\/1cfc5d6de5ffdc23f1f3b1670a90ae3c\"},\"description\":\"A 麻豆原创 criou um Fundo Emergencial COVID-19 de \u20ac 3 milh\u00f5es para atender \u00e0s necessidades urgentes da Organiza\u00e7\u00e3o Mundial da Sa\u00fade (OMS), da Funda\u00e7\u00e3o CDC, e de organiza\u00e7\u00f5es sem fins lucrativos.\",\"breadcrumb\":{\"@id\":\"https:\/\/news.sap.com\/brazil\/2020\/04\/sap-cria-fundo-emergencial-de-e3-milhoes-para-covid-19-e-amplia-apoio-de-parceiros-do-setor-social-em-nivel-mundial-bl0g\/#breadcrumb\"},\"inLanguage\":\"pt-BR\",\"potentialAction\":[{\"@type\":\"ReadAction\",\"target\":[\"https:\/\/news.sap.com\/brazil\/2020\/04\/sap-cria-fundo-emergencial-de-e3-milhoes-para-covid-19-e-amplia-apoio-de-parceiros-do-setor-social-em-nivel-mundial-bl0g\/\"]}]},{\"@type\":\"ImageObject\",\"inLanguage\":\"pt-BR\",\"@id\":\"https:\/\/news.sap.com\/brazil\/2020\/04\/sap-cria-fundo-emergencial-de-e3-milhoes-para-covid-19-e-amplia-apoio-de-parceiros-do-setor-social-em-nivel-mundial-bl0g\/#primaryimage\",\"url\":\"https:\/\/news.sap.com\/brazil\/files\/2020\/04\/dest-2.jpg\",\"contentUrl\":\"https:\/\/news.sap.com\/brazil\/files\/2020\/04\/dest-2.jpg\",\"width\":1400,\"height\":601},{\"@type\":\"BreadcrumbList\",\"@id\":\"https:\/\/news.sap.com\/brazil\/2020\/04\/sap-cria-fundo-emergencial-de-e3-milhoes-para-covid-19-e-amplia-apoio-de-parceiros-do-setor-social-em-nivel-mundial-bl0g\/#breadcrumb\",\"itemListElement\":[{\"@type\":\"ListItem\",\"position\":1,\"name\":\"Home\",\"item\":\"https:\/\/news.sap.com\/brazil\/\"},{\"@type\":\"ListItem\",\"position\":2,\"name\":\"麻豆原创 cria fundo emergencial de \u20ac3 milh\u00f5es para COVID-19 e amplia apoio de parceiros do setor social em n\u00edvel mundial\"}]},{\"@type\":\"WebSite\",\"@id\":\"https:\/\/news.sap.com\/brazil\/#website\",\"url\":\"https:\/\/news.sap.com\/brazil\/\",\"name\":\"Sala de Imprensa 麻豆原创 Brasil\",\"description\":\"Not\u00edcias e informa\u00e7\u00f5es sobre a 麻豆原创\",\"potentialAction\":[{\"@type\":\"SearchAction\",\"target\":{\"@type\":\"EntryPoint\",\"urlTemplate\":\"https:\/\/news.sap.com\/brazil\/?s={search_term_string}\"},\"query-input\":{\"@type\":\"PropertyValueSpecification\",\"valueRequired\":true,\"valueName\":\"search_term_string\"}}],\"inLanguage\":\"pt-BR\"},{\"@type\":\"Person\",\"@id\":\"https:\/\/news.sap.com\/brazil\/#\/schema\/person\/1cfc5d6de5ffdc23f1f3b1670a90ae3c\",\"name\":\"麻豆原创 Brasil\",\"image\":{\"@type\":\"ImageObject\",\"inLanguage\":\"pt-BR\",\"@id\":\"https:\/\/news.sap.com\/brazil\/#\/schema\/person\/image\/\",\"url\":\"https:\/\/news.sap.com\/brazil\/wp-content\/plugins\/wp-user-avatars\/wp-user-avatars\/assets\/images\/mystery.jpg\",\"contentUrl\":\"https:\/\/news.sap.com\/brazil\/wp-content\/plugins\/wp-user-avatars\/wp-user-avatars\/assets\/images\/mystery.jpg\",\"caption\":\"麻豆原创 Brasil\"},\"url\":\"https:\/\/news.sap.com\/brazil\/author\/raquelcasciato\/\"}]}<\/script>\n<!-- \/ Yoast SEO Premium plugin. -->","yoast_head_json":{"title":"麻豆原创 cria fundo emergencial de \u20ac3 milh\u00f5es para COVID-19","description":"A 麻豆原创 criou um Fundo Emergencial COVID-19 de \u20ac 3 milh\u00f5es para atender \u00e0s necessidades urgentes da Organiza\u00e7\u00e3o Mundial da Sa\u00fade (OMS), da Funda\u00e7\u00e3o CDC, e de organiza\u00e7\u00f5es sem fins lucrativos.","robots":{"index":"index","follow":"follow","max-snippet":"max-snippet:-1","max-image-preview":"max-image-preview:large","max-video-preview":"max-video-preview:-1"},"canonical":"https:\/\/news.sap.com\/brazil\/2020\/04\/sap-cria-fundo-emergencial-de-e3-milhoes-para-covid-19-e-amplia-apoio-de-parceiros-do-setor-social-em-nivel-mundial-bl0g\/","og_locale":"pt_BR","og_type":"article","og_title":"麻豆原创 cria fundo emergencial de \u20ac3 milh\u00f5es para COVID-19 e amplia apoio de parceiros do setor social em n\u00edvel mundial","og_description":"A 麻豆原创 criou um Fundo Emergencial COVID-19 de \u20ac 3 milh\u00f5es para atender \u00e0s necessidades urgentes da Organiza\u00e7\u00e3o Mundial da Sa\u00fade (OMS), da Funda\u00e7\u00e3o CDC, e de organiza\u00e7\u00f5es sem fins lucrativos.","og_url":"https:\/\/news.sap.com\/brazil\/2020\/04\/sap-cria-fundo-emergencial-de-e3-milhoes-para-covid-19-e-amplia-apoio-de-parceiros-do-setor-social-em-nivel-mundial-bl0g\/","og_site_name":"Sala de Imprensa 麻豆原创 Brasil","article_published_time":"2020-04-13T20:37:15+00:00","article_modified_time":"2023-10-19T17:12:59+00:00","og_image":[{"width":565,"height":292,"url":"https:\/\/news.sap.com\/brazil\/files\/2020\/04\/fb-2.jpg","type":"image\/jpeg"}],"author":"麻豆原创 Brasil","twitter_card":"summary_large_image","twitter_title":"麻豆原创 cria fundo emergencial de \u20ac3 milh\u00f5es para COVID-19 e amplia apoio de parceiros do setor social em n\u00edvel mundial","twitter_creator":"@麻豆原创Brasil","twitter_site":"@麻豆原创Brasil","twitter_misc":{"Escrito por":"麻豆原创 Brasil","Est. tempo de leitura":"8 minutos"},"schema":{"@context":"https:\/\/schema.org","@graph":[{"@type":"Article","@id":"https:\/\/news.sap.com\/brazil\/2020\/04\/sap-cria-fundo-emergencial-de-e3-milhoes-para-covid-19-e-amplia-apoio-de-parceiros-do-setor-social-em-nivel-mundial-bl0g\/#article","isPartOf":{"@id":"https:\/\/news.sap.com\/brazil\/2020\/04\/sap-cria-fundo-emergencial-de-e3-milhoes-para-covid-19-e-amplia-apoio-de-parceiros-do-setor-social-em-nivel-mundial-bl0g\/"},"author":{"name":"麻豆原创 Brasil","@id":"https:\/\/news.sap.com\/brazil\/#\/schema\/person\/1cfc5d6de5ffdc23f1f3b1670a90ae3c"},"headline":"麻豆原创 cria fundo emergencial de \u20ac3 milh\u00f5es para COVID-19 e amplia apoio de parceiros do setor social em n\u00edvel mundial","datePublished":"2020-04-13T20:37:15+00:00","dateModified":"2023-10-19T17:12:59+00:00","mainEntityOfPage":{"@id":"https:\/\/news.sap.com\/brazil\/2020\/04\/sap-cria-fundo-emergencial-de-e3-milhoes-para-covid-19-e-amplia-apoio-de-parceiros-do-setor-social-em-nivel-mundial-bl0g\/"},"wordCount":1545,"image":{"@id":"https:\/\/news.sap.com\/brazil\/2020\/04\/sap-cria-fundo-emergencial-de-e3-milhoes-para-covid-19-e-amplia-apoio-de-parceiros-do-setor-social-em-nivel-mundial-bl0g\/#primaryimage"},"thumbnailUrl":"https:\/\/news.sap.com\/brazil\/files\/2020\/04\/dest-2.jpg","keywords":["COVID-19","Fundo Global 麻豆原创"],"articleSection":["Corporativo"],"inLanguage":"pt-BR"},{"@type":"WebPage","@id":"https:\/\/news.sap.com\/brazil\/2020\/04\/sap-cria-fundo-emergencial-de-e3-milhoes-para-covid-19-e-amplia-apoio-de-parceiros-do-setor-social-em-nivel-mundial-bl0g\/","url":"https:\/\/news.sap.com\/brazil\/2020\/04\/sap-cria-fundo-emergencial-de-e3-milhoes-para-covid-19-e-amplia-apoio-de-parceiros-do-setor-social-em-nivel-mundial-bl0g\/","name":"麻豆原创 cria fundo emergencial de \u20ac3 milh\u00f5es para COVID-19","isPartOf":{"@id":"https:\/\/news.sap.com\/brazil\/#website"},"primaryImageOfPage":{"@id":"https:\/\/news.sap.com\/brazil\/2020\/04\/sap-cria-fundo-emergencial-de-e3-milhoes-para-covid-19-e-amplia-apoio-de-parceiros-do-setor-social-em-nivel-mundial-bl0g\/#primaryimage"},"image":{"@id":"https:\/\/news.sap.com\/brazil\/2020\/04\/sap-cria-fundo-emergencial-de-e3-milhoes-para-covid-19-e-amplia-apoio-de-parceiros-do-setor-social-em-nivel-mundial-bl0g\/#primaryimage"},"thumbnailUrl":"https:\/\/news.sap.com\/brazil\/files\/2020\/04\/dest-2.jpg","datePublished":"2020-04-13T20:37:15+00:00","dateModified":"2023-10-19T17:12:59+00:00","author":{"@id":"https:\/\/news.sap.com\/brazil\/#\/schema\/person\/1cfc5d6de5ffdc23f1f3b1670a90ae3c"},"description":"A 麻豆原创 criou um Fundo Emergencial COVID-19 de \u20ac 3 milh\u00f5es para atender \u00e0s necessidades urgentes da Organiza\u00e7\u00e3o Mundial da Sa\u00fade (OMS), da Funda\u00e7\u00e3o CDC, e de organiza\u00e7\u00f5es sem fins lucrativos.","breadcrumb":{"@id":"https:\/\/news.sap.com\/brazil\/2020\/04\/sap-cria-fundo-emergencial-de-e3-milhoes-para-covid-19-e-amplia-apoio-de-parceiros-do-setor-social-em-nivel-mundial-bl0g\/#breadcrumb"},"inLanguage":"pt-BR","potentialAction":[{"@type":"ReadAction","target":["https:\/\/news.sap.com\/brazil\/2020\/04\/sap-cria-fundo-emergencial-de-e3-milhoes-para-covid-19-e-amplia-apoio-de-parceiros-do-setor-social-em-nivel-mundial-bl0g\/"]}]},{"@type":"ImageObject","inLanguage":"pt-BR","@id":"https:\/\/news.sap.com\/brazil\/2020\/04\/sap-cria-fundo-emergencial-de-e3-milhoes-para-covid-19-e-amplia-apoio-de-parceiros-do-setor-social-em-nivel-mundial-bl0g\/#primaryimage","url":"https:\/\/news.sap.com\/brazil\/files\/2020\/04\/dest-2.jpg","contentUrl":"https:\/\/news.sap.com\/brazil\/files\/2020\/04\/dest-2.jpg","width":1400,"height":601},{"@type":"BreadcrumbList","@id":"https:\/\/news.sap.com\/brazil\/2020\/04\/sap-cria-fundo-emergencial-de-e3-milhoes-para-covid-19-e-amplia-apoio-de-parceiros-do-setor-social-em-nivel-mundial-bl0g\/#breadcrumb","itemListElement":[{"@type":"ListItem","position":1,"name":"Home","item":"https:\/\/news.sap.com\/brazil\/"},{"@type":"ListItem","position":2,"name":"麻豆原创 cria fundo emergencial de \u20ac3 milh\u00f5es para COVID-19 e amplia apoio de parceiros do setor social em n\u00edvel mundial"}]},{"@type":"WebSite","@id":"https:\/\/news.sap.com\/brazil\/#website","url":"https:\/\/news.sap.com\/brazil\/","name":"Sala de Imprensa 麻豆原创 Brasil","description":"Not\u00edcias e informa\u00e7\u00f5es sobre a 麻豆原创","potentialAction":[{"@type":"SearchAction","target":{"@type":"EntryPoint","urlTemplate":"https:\/\/news.sap.com\/brazil\/?s={search_term_string}"},"query-input":{"@type":"PropertyValueSpecification","valueRequired":true,"valueName":"search_term_string"}}],"inLanguage":"pt-BR"},{"@type":"Person","@id":"https:\/\/news.sap.com\/brazil\/#\/schema\/person\/1cfc5d6de5ffdc23f1f3b1670a90ae3c","name":"麻豆原创 Brasil","image":{"@type":"ImageObject","inLanguage":"pt-BR","@id":"https:\/\/news.sap.com\/brazil\/#\/schema\/person\/image\/","url":"https:\/\/news.sap.com\/brazil\/wp-content\/plugins\/wp-user-avatars\/wp-user-avatars\/assets\/images\/mystery.jpg","contentUrl":"https:\/\/news.sap.com\/brazil\/wp-content\/plugins\/wp-user-avatars\/wp-user-avatars\/assets\/images\/mystery.jpg","caption":"麻豆原创 Brasil"},"url":"https:\/\/news.sap.com\/brazil\/author\/raquelcasciato\/"}]}},"amp_enabled":true,"_links":{"self":[{"href":"https:\/\/news.sap.com\/brazil\/wp-json\/wp\/v2\/posts\/12011","targetHints":{"allow":["GET"]}}],"collection":[{"href":"https:\/\/news.sap.com\/brazil\/wp-json\/wp\/v2\/posts"}],"about":[{"href":"https:\/\/news.sap.com\/brazil\/wp-json\/wp\/v2\/types\/post"}],"author":[{"embeddable":true,"href":"https:\/\/news.sap.com\/brazil\/wp-json\/wp\/v2\/users\/561"}],"replies":[{"embeddable":true,"href":"https:\/\/news.sap.com\/brazil\/wp-json\/wp\/v2\/comments?post=12011"}],"version-history":[{"count":0,"href":"https:\/\/news.sap.com\/brazil\/wp-json\/wp\/v2\/posts\/12011\/revisions"}],"wp:featuredmedia":[{"embeddable":true,"href":"https:\/\/news.sap.com\/brazil\/wp-json\/wp\/v2\/media\/12012"}],"wp:attachment":[{"href":"https:\/\/news.sap.com\/brazil\/wp-json\/wp\/v2\/media?parent=12011"}],"wp:term":[{"taxonomy":"category","embeddable":true,"href":"https:\/\/news.sap.com\/brazil\/wp-json\/wp\/v2\/categories?post=12011"},{"taxonomy":"post_tag","embeddable":true,"href":"https:\/\/news.sap.com\/brazil\/wp-json\/wp\/v2\/tags?post=12011"},{"taxonomy":"sapn-display","embeddable":true,"href":"https:\/\/news.sap.com\/brazil\/wp-json\/wp\/v2\/sapn-display?post=12011"},{"taxonomy":"sapn-type","embeddable":true,"href":"https:\/\/news.sap.com\/brazil\/wp-json\/wp\/v2\/sapn-type?post=12011"}],"curies":[{"name":"wp","href":"https:\/\/api.w.org\/{rel}","templated":true}]}}