  {"id":12000,"date":"2020-04-07T17:26:01","date_gmt":"2020-04-07T20:26:01","guid":{"rendered":"https:\/\/news.sap.com\/brazil\/?p=12000"},"modified":"2023-10-19T14:23:52","modified_gmt":"2023-10-19T17:23:52","slug":"o-que-os-lideres-de-rh-estao-fazendo-para-gerir-equipes-diante-da-covid-19-bl0g","status":"publish","type":"post","link":"https:\/\/news.sap.com\/brazil\/2020\/04\/o-que-os-lideres-de-rh-estao-fazendo-para-gerir-equipes-diante-da-covid-19-bl0g\/","title":{"rendered":"O que os l\u00edderes de RH est\u00e3o fazendo para gerir equipes diante da COVID-19"},"content":{"rendered":"<p>Por: 麻豆原创 Brasil<\/p>\n<p><em>L\u00edderes de RH est\u00e3o adaptando a gest\u00e3o de talentos ao cen\u00e1rio de isolamento social, com escalas menores de profissionais e o trabalho home office<\/em><\/p>\n<p>Os <a href=\"https:\/\/www.dw.com\/pt-br\/de-wuhan-para-o-resto-do-mundo-a-linha-do-tempo-do-coronav%C3%ADrus\/av-52860657\" target=\"_blank\" rel=\"noopener noreferrer\">registros dos primeiros casos de COVID-19 no mundo<\/a> foram realizados no come\u00e7o de dezembro, em Wuhan, na China. Em mar\u00e7o, a Organiza\u00e7\u00e3o Mundial da Sa\u00fade (OMS) declarou tratar-se de uma <a href=\"https:\/\/guiadoestudante.abril.com.br\/estudo\/o-que-e-pandemia-definicao-historico-e-gravidade\/\" target=\"_blank\" rel=\"noopener noreferrer\">pandemia<\/a>, quando a doen\u00e7a se espalhou por diversas regi\u00f5es do planeta e a transmiss\u00e3o se sustentou de pessoa para pessoa, em uma escala de gravidade maior. Com isso, a recomenda\u00e7\u00e3o da OMS foi de isolamento social.<\/p>\n<p>Diante deste novo cen\u00e1rio in\u00e9dito, os l\u00edderes de RH precisaram desenvolver novas estrat\u00e9gias para lidar com suas equipes. Entre elas:<\/p>\n<p><strong>Orienta\u00e7\u00f5es sobre cuidados com a sa\u00fade<\/strong><\/p>\n<p>O cuidado com a sa\u00fade passou a ser redobrado. Aqueles que n\u00e3o podem deixar de se deslocar para estar nos postos de trabalho est\u00e3o sendo orientados constantemente sobre os cuidados de sa\u00fade e higiene. Equipes de Recursos Humanos est\u00e3o fornecendo materiais informativos e disponibilizando \u00e1lcool em gel e m\u00e1scaras para uso di\u00e1rio, conforme <a href=\"https:\/\/coronavirus.saude.gov.br\/\" target=\"_blank\" rel=\"noopener noreferrer\">orienta\u00e7\u00f5es do Minist\u00e9rio da Sa\u00fade<\/a> sobre medidas de preven\u00e7\u00e3o.<\/p>\n<p><strong>Precau\u00e7\u00e3o com o compartilhamento de objetos<\/strong><\/p>\n<p>As empresas est\u00e3o orientando seus funcion\u00e1rios a trazerem seus pr\u00f3prios copos e talheres, evitando compartilhar esses itens, al\u00e9m de disponibilizar produtos para higienizar telefones e outros equipamentos que podem ser levados ao rosto.<\/p>\n<p><strong>Ponto biom\u00e9trico<\/strong><\/p>\n<p>Muitas empresas realizam o registro do ponto atrav\u00e9s de um rel\u00f3gio biom\u00e9trico que, nesse momento, pode ser um ve\u00edculo de transmiss\u00e3o do Coronav\u00edrus. Como uma poss\u00edvel solu\u00e7\u00e3o, elas instalaram recipientes com \u00e1lcool em gel ao lado dos rel\u00f3gios e orientaram suas equipes sobre a necessidade de higienizar as m\u00e3os ap\u00f3s o registro. Al\u00e9m disso, algumas implementaram softwares que permitem que o ponto seja registrado a partir dos computadores ou celulares utilizados individualmente.<\/p>\n<p><strong>Home office<\/strong><\/p>\n<p>Gra\u00e7as \u00e0 tecnologia, atualmente muitas profiss\u00f5es podem atuar de forma remota, colaborando com as medidas de isolamento social. Para continuar gerindo os hor\u00e1rios e demandas, o RH das empresas tiveram que <a href=\"https:\/\/www.ruumapp.com\/blog\/covid-19-response-removing-barriers-for-remote-work\" target=\"_blank\" rel=\"noopener noreferrer\">implementar ferramentas que auxiliam na cria\u00e7\u00e3o de um plano de a\u00e7\u00e3o para o trabalho \u00e0 dist\u00e2ncia<\/a>, permitindo tamb\u00e9m uma maior colabora\u00e7\u00e3o remota entre times.<\/p>\n<p><strong>Escalas de trabalho<\/strong><\/p>\n<p>Al\u00e9m dos servi\u00e7os essenciais, o setor industrial precisa manter a atividade para que itens importantes n\u00e3o faltem, nem nos hospitais e nem na casa das pessoas. Mas os profissionais desses setores tamb\u00e9m precisam estar protegidos e se tornou necess\u00e1rio planejar escalas de trabalho pensando na redu\u00e7\u00e3o do quadro em cada hor\u00e1rio e no afastamento dos profissionais que pertencem ao chamado grupo de risco (pessoas com mais de 50 anos e com doen\u00e7as pr\u00e9-existentes).<\/p>\n<p><a href=\"https:\/\/cio.com.br\/lideres-de-gestao-estao-revisitando-metas-para-se-prepararem-para-pos-coronavirus\/\" target=\"_blank\" rel=\"noopener noreferrer\">Pesquisa feita pela Gartner<\/a> mostra que, por enquanto, apenas 27% dos l\u00edderes de RH entrevistados n\u00e3o est\u00e3o planejando realizar uma redu\u00e7\u00e3o de custos relacionado \u00e0 for\u00e7a de trabalho.<\/p>\n<p>Ainda de acordo com o estudo, os l\u00edderes de Recursos Humanos est\u00e3o focados no uso eficaz da tecnologia neste momento de crise, assim como na prioriza\u00e7\u00e3o e redu\u00e7\u00e3o de servi\u00e7os e processos de RH. Os dados mostram que 47% das organiza\u00e7\u00f5es entrevistadas est\u00e3o optando por congelar o processo de contrata\u00e7\u00e3o de novos funcion\u00e1rios e 42% dos l\u00edderes est\u00e3o se empenhando para ir al\u00e9m da economia de custos que j\u00e1 alcan\u00e7aram.<\/p>\n<p>O desafio das equipes de Recursos Humanos em gerir os profissionais no momento no qual existe o risco iminente \u00e0 sa\u00fade parece assustador, mas compartilhar informa\u00e7\u00f5es confi\u00e1veis, orientar os colabores sobre os cuidados necess\u00e1rios e confiar na coopera\u00e7\u00e3o da equipe que est\u00e1 em home office pode trazer bons resultados.<\/p>\n<p>Acompanhe novas informa\u00e7\u00f5es e dicas sobre o desenvolvimento do trabalho nesse per\u00edodo nos canais de comunica\u00e7\u00e3o da 麻豆原创: <a href=\"https:\/\/www.facebook.com\/sapbrasil\/\" target=\"_blank\" rel=\"noopener noreferrer\">Facebook\u00a0<\/a>\/\u00a0<a href=\"https:\/\/twitter.com\/麻豆原创Brasil\" target=\"_blank\" rel=\"noopener noreferrer\">Twitter\u00a0<\/a>\/\u00a0<a href=\"https:\/\/www.linkedin.com\/company\/1115\/\" target=\"_blank\" rel=\"noopener noreferrer\">LinkedIn\u00a0<\/a>\/\u00a0<a href=\"https:\/\/www.instagram.com\/sap_brasil\/\" target=\"_blank\" rel=\"noopener noreferrer\">Instagram<\/a> \/ <a href=\"https:\/\/widget.msgp.pl\/?id=66415e417325f13e20.82207836\" target=\"_blank\" rel=\"noopener noreferrer\">WhatsApp<\/a> \/ <a href=\"https:\/\/www.youtube.com\/user\/sapbrasil\" target=\"_blank\" rel=\"noopener noreferrer\">Youtube<\/a><\/p>\n<p>\u00a9 2020 麻豆原创 SE. All rights reserved. 麻豆原创 and other 麻豆原创 products and services mentioned herein as well as their respective logos are trademarks or registered trademarks of 麻豆原创 SE in Germany and other countries. Please see <a href=\"http:\/\/www.sap.com\/corporate-en\/legal\/copyright\/index.epx#trademark\" target=\"_blank\" rel=\"noopener noreferrer\">http:\/\/www.sap.com\/corporate-en\/legal\/copyright\/index.epx#trademark<\/a> for additional trademark information and notices.<\/p>\n","protected":false},"excerpt":{"rendered":"<p>Por: 麻豆原创 Brasil L\u00edderes de RH est\u00e3o adaptando a gest\u00e3o de talentos ao cen\u00e1rio de isolamento social, com escalas menores de profissionais e o trabalho&#8230;<\/p>\n","protected":false},"author":561,"featured_media":12001,"comment_status":"closed","ping_status":"closed","sticky":false,"template":"","format":"standard","meta":{"footnotes":"","_links_to":"","_links_to_target":""},"categories":[48444],"tags":[5598245,5598246,3501519,20464],"sapn-display":[5599933,5599931,48431,48433],"sapn-type":[6114],"class_list":["post-12000","post","type-post","status-publish","format-standard","has-post-thumbnail","hentry","category-recursos-humanos-topicos","tag-coronavirus","tag-covid-19","tag-gestao-de-equipes","tag-recursos-humanos","sapn-display-feature-hero","sapn-display-feature-spotlight","sapn-display-homepage-hero","sapn-display-hero","sapn-type-artigo"],"yoast_head":"<!-- This site is optimized with the Yoast SEO Premium plugin v26.9 (Yoast SEO v26.9) - https:\/\/yoast.com\/product\/yoast-seo-premium-wordpress\/ -->\n<title>Como l\u00edderes de RH est\u00e3o gerindo suas equipes diante da COVID-19<\/title>\n<meta name=\"description\" content=\"L\u00edderes de RH est\u00e3o adaptando a gest\u00e3o de talentos ao cen\u00e1rio de isolamento social, com escalas menores de profissionais e o trabalho home office.\" \/>\n<meta name=\"robots\" content=\"index, follow, max-snippet:-1, max-image-preview:large, max-video-preview:-1\" \/>\n<link rel=\"canonical\" href=\"https:\/\/news.sap.com\/brazil\/2020\/04\/o-que-os-lideres-de-rh-estao-fazendo-para-gerir-equipes-diante-da-covid-19-bl0g\/\" \/>\n<meta property=\"og:locale\" content=\"pt_BR\" \/>\n<meta property=\"og:type\" content=\"article\" \/>\n<meta property=\"og:title\" content=\"O que os l\u00edderes de RH est\u00e3o fazendo para gerir equipes diante da COVID-19\" \/>\n<meta property=\"og:description\" content=\"L\u00edderes de RH est\u00e3o adaptando a gest\u00e3o de talentos ao cen\u00e1rio de isolamento social, com escalas menores de profissionais e o trabalho home office.\" \/>\n<meta property=\"og:url\" content=\"https:\/\/news.sap.com\/brazil\/2020\/04\/o-que-os-lideres-de-rh-estao-fazendo-para-gerir-equipes-diante-da-covid-19-bl0g\/\" \/>\n<meta property=\"og:site_name\" content=\"Sala de Imprensa 麻豆原创 Brasil\" \/>\n<meta property=\"article:published_time\" content=\"2020-04-07T20:26:01+00:00\" \/>\n<meta property=\"article:modified_time\" content=\"2023-10-19T17:23:52+00:00\" \/>\n<meta property=\"og:image\" content=\"https:\/\/news.sap.com\/brazil\/files\/2020\/04\/fb.jpg\" \/>\n\t<meta property=\"og:image:width\" content=\"565\" \/>\n\t<meta property=\"og:image:height\" content=\"292\" \/>\n\t<meta property=\"og:image:type\" content=\"image\/jpeg\" \/>\n<meta name=\"author\" content=\"麻豆原创 Brasil\" \/>\n<meta name=\"twitter:card\" content=\"summary_large_image\" \/>\n<meta name=\"twitter:title\" content=\"O que os l\u00edderes de RH est\u00e3o fazendo para gerir equipes diante da COVID-19\" \/>\n<meta name=\"twitter:creator\" content=\"@麻豆原创Brasil\" \/>\n<meta name=\"twitter:site\" content=\"@麻豆原创Brasil\" \/>\n<meta name=\"twitter:label1\" content=\"Escrito por\" \/>\n\t<meta name=\"twitter:data1\" content=\"麻豆原创 Brasil\" \/>\n\t<meta name=\"twitter:label2\" content=\"Est. tempo de leitura\" \/>\n\t<meta name=\"twitter:data2\" content=\"4 minutos\" \/>\n<script type=\"application\/ld+json\" class=\"yoast-schema-graph\">{\"@context\":\"https:\/\/schema.org\",\"@graph\":[{\"@type\":\"Article\",\"@id\":\"https:\/\/news.sap.com\/brazil\/2020\/04\/o-que-os-lideres-de-rh-estao-fazendo-para-gerir-equipes-diante-da-covid-19-bl0g\/#article\",\"isPartOf\":{\"@id\":\"https:\/\/news.sap.com\/brazil\/2020\/04\/o-que-os-lideres-de-rh-estao-fazendo-para-gerir-equipes-diante-da-covid-19-bl0g\/\"},\"author\":{\"name\":\"麻豆原创 Brasil\",\"@id\":\"https:\/\/news.sap.com\/brazil\/#\/schema\/person\/1cfc5d6de5ffdc23f1f3b1670a90ae3c\"},\"headline\":\"O que os l\u00edderes de RH est\u00e3o fazendo para gerir equipes diante da COVID-19\",\"datePublished\":\"2020-04-07T20:26:01+00:00\",\"dateModified\":\"2023-10-19T17:23:52+00:00\",\"mainEntityOfPage\":{\"@id\":\"https:\/\/news.sap.com\/brazil\/2020\/04\/o-que-os-lideres-de-rh-estao-fazendo-para-gerir-equipes-diante-da-covid-19-bl0g\/\"},\"wordCount\":748,\"image\":{\"@id\":\"https:\/\/news.sap.com\/brazil\/2020\/04\/o-que-os-lideres-de-rh-estao-fazendo-para-gerir-equipes-diante-da-covid-19-bl0g\/#primaryimage\"},\"thumbnailUrl\":\"https:\/\/news.sap.com\/brazil\/files\/2020\/04\/dest.jpg\",\"keywords\":[\"Coronav\u00edrus\",\"COVID-19\",\"gest\u00e3o de equipes\",\"recursos humanos\"],\"articleSection\":[\"Gest\u00e3o do capital humano\"],\"inLanguage\":\"pt-BR\"},{\"@type\":\"WebPage\",\"@id\":\"https:\/\/news.sap.com\/brazil\/2020\/04\/o-que-os-lideres-de-rh-estao-fazendo-para-gerir-equipes-diante-da-covid-19-bl0g\/\",\"url\":\"https:\/\/news.sap.com\/brazil\/2020\/04\/o-que-os-lideres-de-rh-estao-fazendo-para-gerir-equipes-diante-da-covid-19-bl0g\/\",\"name\":\"Como l\u00edderes de RH est\u00e3o gerindo suas equipes diante da COVID-19\",\"isPartOf\":{\"@id\":\"https:\/\/news.sap.com\/brazil\/#website\"},\"primaryImageOfPage\":{\"@id\":\"https:\/\/news.sap.com\/brazil\/2020\/04\/o-que-os-lideres-de-rh-estao-fazendo-para-gerir-equipes-diante-da-covid-19-bl0g\/#primaryimage\"},\"image\":{\"@id\":\"https:\/\/news.sap.com\/brazil\/2020\/04\/o-que-os-lideres-de-rh-estao-fazendo-para-gerir-equipes-diante-da-covid-19-bl0g\/#primaryimage\"},\"thumbnailUrl\":\"https:\/\/news.sap.com\/brazil\/files\/2020\/04\/dest.jpg\",\"datePublished\":\"2020-04-07T20:26:01+00:00\",\"dateModified\":\"2023-10-19T17:23:52+00:00\",\"author\":{\"@id\":\"https:\/\/news.sap.com\/brazil\/#\/schema\/person\/1cfc5d6de5ffdc23f1f3b1670a90ae3c\"},\"description\":\"L\u00edderes de RH est\u00e3o adaptando a gest\u00e3o de talentos ao cen\u00e1rio de isolamento social, com escalas menores de profissionais e o trabalho home office.\",\"breadcrumb\":{\"@id\":\"https:\/\/news.sap.com\/brazil\/2020\/04\/o-que-os-lideres-de-rh-estao-fazendo-para-gerir-equipes-diante-da-covid-19-bl0g\/#breadcrumb\"},\"inLanguage\":\"pt-BR\",\"potentialAction\":[{\"@type\":\"ReadAction\",\"target\":[\"https:\/\/news.sap.com\/brazil\/2020\/04\/o-que-os-lideres-de-rh-estao-fazendo-para-gerir-equipes-diante-da-covid-19-bl0g\/\"]}]},{\"@type\":\"ImageObject\",\"inLanguage\":\"pt-BR\",\"@id\":\"https:\/\/news.sap.com\/brazil\/2020\/04\/o-que-os-lideres-de-rh-estao-fazendo-para-gerir-equipes-diante-da-covid-19-bl0g\/#primaryimage\",\"url\":\"https:\/\/news.sap.com\/brazil\/files\/2020\/04\/dest.jpg\",\"contentUrl\":\"https:\/\/news.sap.com\/brazil\/files\/2020\/04\/dest.jpg\",\"width\":1400,\"height\":603,\"caption\":\"handsome pensive bearded midaged man at table with digital tablet\"},{\"@type\":\"BreadcrumbList\",\"@id\":\"https:\/\/news.sap.com\/brazil\/2020\/04\/o-que-os-lideres-de-rh-estao-fazendo-para-gerir-equipes-diante-da-covid-19-bl0g\/#breadcrumb\",\"itemListElement\":[{\"@type\":\"ListItem\",\"position\":1,\"name\":\"Home\",\"item\":\"https:\/\/news.sap.com\/brazil\/\"},{\"@type\":\"ListItem\",\"position\":2,\"name\":\"O que os l\u00edderes de RH est\u00e3o fazendo para gerir equipes diante da COVID-19\"}]},{\"@type\":\"WebSite\",\"@id\":\"https:\/\/news.sap.com\/brazil\/#website\",\"url\":\"https:\/\/news.sap.com\/brazil\/\",\"name\":\"Sala de Imprensa 麻豆原创 Brasil\",\"description\":\"Not\u00edcias e informa\u00e7\u00f5es sobre a 麻豆原创\",\"potentialAction\":[{\"@type\":\"SearchAction\",\"target\":{\"@type\":\"EntryPoint\",\"urlTemplate\":\"https:\/\/news.sap.com\/brazil\/?s={search_term_string}\"},\"query-input\":{\"@type\":\"PropertyValueSpecification\",\"valueRequired\":true,\"valueName\":\"search_term_string\"}}],\"inLanguage\":\"pt-BR\"},{\"@type\":\"Person\",\"@id\":\"https:\/\/news.sap.com\/brazil\/#\/schema\/person\/1cfc5d6de5ffdc23f1f3b1670a90ae3c\",\"name\":\"麻豆原创 Brasil\",\"image\":{\"@type\":\"ImageObject\",\"inLanguage\":\"pt-BR\",\"@id\":\"https:\/\/news.sap.com\/brazil\/#\/schema\/person\/image\/\",\"url\":\"https:\/\/news.sap.com\/brazil\/wp-content\/plugins\/wp-user-avatars\/wp-user-avatars\/assets\/images\/mystery.jpg\",\"contentUrl\":\"https:\/\/news.sap.com\/brazil\/wp-content\/plugins\/wp-user-avatars\/wp-user-avatars\/assets\/images\/mystery.jpg\",\"caption\":\"麻豆原创 Brasil\"},\"url\":\"https:\/\/news.sap.com\/brazil\/author\/raquelcasciato\/\"}]}<\/script>\n<!-- \/ Yoast SEO Premium plugin. -->","yoast_head_json":{"title":"Como l\u00edderes de RH est\u00e3o gerindo suas equipes diante da COVID-19","description":"L\u00edderes de RH est\u00e3o adaptando a gest\u00e3o de talentos ao cen\u00e1rio de isolamento social, com escalas menores de profissionais e o trabalho home office.","robots":{"index":"index","follow":"follow","max-snippet":"max-snippet:-1","max-image-preview":"max-image-preview:large","max-video-preview":"max-video-preview:-1"},"canonical":"https:\/\/news.sap.com\/brazil\/2020\/04\/o-que-os-lideres-de-rh-estao-fazendo-para-gerir-equipes-diante-da-covid-19-bl0g\/","og_locale":"pt_BR","og_type":"article","og_title":"O que os l\u00edderes de RH est\u00e3o fazendo para gerir equipes diante da COVID-19","og_description":"L\u00edderes de RH est\u00e3o adaptando a gest\u00e3o de talentos ao cen\u00e1rio de isolamento social, com escalas menores de profissionais e o trabalho home office.","og_url":"https:\/\/news.sap.com\/brazil\/2020\/04\/o-que-os-lideres-de-rh-estao-fazendo-para-gerir-equipes-diante-da-covid-19-bl0g\/","og_site_name":"Sala de Imprensa 麻豆原创 Brasil","article_published_time":"2020-04-07T20:26:01+00:00","article_modified_time":"2023-10-19T17:23:52+00:00","og_image":[{"width":565,"height":292,"url":"https:\/\/news.sap.com\/brazil\/files\/2020\/04\/fb.jpg","type":"image\/jpeg"}],"author":"麻豆原创 Brasil","twitter_card":"summary_large_image","twitter_title":"O que os l\u00edderes de RH est\u00e3o fazendo para gerir equipes diante da COVID-19","twitter_creator":"@麻豆原创Brasil","twitter_site":"@麻豆原创Brasil","twitter_misc":{"Escrito por":"麻豆原创 Brasil","Est. tempo de leitura":"4 minutos"},"schema":{"@context":"https:\/\/schema.org","@graph":[{"@type":"Article","@id":"https:\/\/news.sap.com\/brazil\/2020\/04\/o-que-os-lideres-de-rh-estao-fazendo-para-gerir-equipes-diante-da-covid-19-bl0g\/#article","isPartOf":{"@id":"https:\/\/news.sap.com\/brazil\/2020\/04\/o-que-os-lideres-de-rh-estao-fazendo-para-gerir-equipes-diante-da-covid-19-bl0g\/"},"author":{"name":"麻豆原创 Brasil","@id":"https:\/\/news.sap.com\/brazil\/#\/schema\/person\/1cfc5d6de5ffdc23f1f3b1670a90ae3c"},"headline":"O que os l\u00edderes de RH est\u00e3o fazendo para gerir equipes diante da COVID-19","datePublished":"2020-04-07T20:26:01+00:00","dateModified":"2023-10-19T17:23:52+00:00","mainEntityOfPage":{"@id":"https:\/\/news.sap.com\/brazil\/2020\/04\/o-que-os-lideres-de-rh-estao-fazendo-para-gerir-equipes-diante-da-covid-19-bl0g\/"},"wordCount":748,"image":{"@id":"https:\/\/news.sap.com\/brazil\/2020\/04\/o-que-os-lideres-de-rh-estao-fazendo-para-gerir-equipes-diante-da-covid-19-bl0g\/#primaryimage"},"thumbnailUrl":"https:\/\/news.sap.com\/brazil\/files\/2020\/04\/dest.jpg","keywords":["Coronav\u00edrus","COVID-19","gest\u00e3o de equipes","recursos humanos"],"articleSection":["Gest\u00e3o do capital humano"],"inLanguage":"pt-BR"},{"@type":"WebPage","@id":"https:\/\/news.sap.com\/brazil\/2020\/04\/o-que-os-lideres-de-rh-estao-fazendo-para-gerir-equipes-diante-da-covid-19-bl0g\/","url":"https:\/\/news.sap.com\/brazil\/2020\/04\/o-que-os-lideres-de-rh-estao-fazendo-para-gerir-equipes-diante-da-covid-19-bl0g\/","name":"Como l\u00edderes de RH est\u00e3o gerindo suas equipes diante da COVID-19","isPartOf":{"@id":"https:\/\/news.sap.com\/brazil\/#website"},"primaryImageOfPage":{"@id":"https:\/\/news.sap.com\/brazil\/2020\/04\/o-que-os-lideres-de-rh-estao-fazendo-para-gerir-equipes-diante-da-covid-19-bl0g\/#primaryimage"},"image":{"@id":"https:\/\/news.sap.com\/brazil\/2020\/04\/o-que-os-lideres-de-rh-estao-fazendo-para-gerir-equipes-diante-da-covid-19-bl0g\/#primaryimage"},"thumbnailUrl":"https:\/\/news.sap.com\/brazil\/files\/2020\/04\/dest.jpg","datePublished":"2020-04-07T20:26:01+00:00","dateModified":"2023-10-19T17:23:52+00:00","author":{"@id":"https:\/\/news.sap.com\/brazil\/#\/schema\/person\/1cfc5d6de5ffdc23f1f3b1670a90ae3c"},"description":"L\u00edderes de RH est\u00e3o adaptando a gest\u00e3o de talentos ao cen\u00e1rio de isolamento social, com escalas menores de profissionais e o trabalho home office.","breadcrumb":{"@id":"https:\/\/news.sap.com\/brazil\/2020\/04\/o-que-os-lideres-de-rh-estao-fazendo-para-gerir-equipes-diante-da-covid-19-bl0g\/#breadcrumb"},"inLanguage":"pt-BR","potentialAction":[{"@type":"ReadAction","target":["https:\/\/news.sap.com\/brazil\/2020\/04\/o-que-os-lideres-de-rh-estao-fazendo-para-gerir-equipes-diante-da-covid-19-bl0g\/"]}]},{"@type":"ImageObject","inLanguage":"pt-BR","@id":"https:\/\/news.sap.com\/brazil\/2020\/04\/o-que-os-lideres-de-rh-estao-fazendo-para-gerir-equipes-diante-da-covid-19-bl0g\/#primaryimage","url":"https:\/\/news.sap.com\/brazil\/files\/2020\/04\/dest.jpg","contentUrl":"https:\/\/news.sap.com\/brazil\/files\/2020\/04\/dest.jpg","width":1400,"height":603,"caption":"handsome pensive bearded midaged man at table with digital tablet"},{"@type":"BreadcrumbList","@id":"https:\/\/news.sap.com\/brazil\/2020\/04\/o-que-os-lideres-de-rh-estao-fazendo-para-gerir-equipes-diante-da-covid-19-bl0g\/#breadcrumb","itemListElement":[{"@type":"ListItem","position":1,"name":"Home","item":"https:\/\/news.sap.com\/brazil\/"},{"@type":"ListItem","position":2,"name":"O que os l\u00edderes de RH est\u00e3o fazendo para gerir equipes diante da COVID-19"}]},{"@type":"WebSite","@id":"https:\/\/news.sap.com\/brazil\/#website","url":"https:\/\/news.sap.com\/brazil\/","name":"Sala de Imprensa 麻豆原创 Brasil","description":"Not\u00edcias e informa\u00e7\u00f5es sobre a 麻豆原创","potentialAction":[{"@type":"SearchAction","target":{"@type":"EntryPoint","urlTemplate":"https:\/\/news.sap.com\/brazil\/?s={search_term_string}"},"query-input":{"@type":"PropertyValueSpecification","valueRequired":true,"valueName":"search_term_string"}}],"inLanguage":"pt-BR"},{"@type":"Person","@id":"https:\/\/news.sap.com\/brazil\/#\/schema\/person\/1cfc5d6de5ffdc23f1f3b1670a90ae3c","name":"麻豆原创 Brasil","image":{"@type":"ImageObject","inLanguage":"pt-BR","@id":"https:\/\/news.sap.com\/brazil\/#\/schema\/person\/image\/","url":"https:\/\/news.sap.com\/brazil\/wp-content\/plugins\/wp-user-avatars\/wp-user-avatars\/assets\/images\/mystery.jpg","contentUrl":"https:\/\/news.sap.com\/brazil\/wp-content\/plugins\/wp-user-avatars\/wp-user-avatars\/assets\/images\/mystery.jpg","caption":"麻豆原创 Brasil"},"url":"https:\/\/news.sap.com\/brazil\/author\/raquelcasciato\/"}]}},"amp_enabled":true,"_links":{"self":[{"href":"https:\/\/news.sap.com\/brazil\/wp-json\/wp\/v2\/posts\/12000","targetHints":{"allow":["GET"]}}],"collection":[{"href":"https:\/\/news.sap.com\/brazil\/wp-json\/wp\/v2\/posts"}],"about":[{"href":"https:\/\/news.sap.com\/brazil\/wp-json\/wp\/v2\/types\/post"}],"author":[{"embeddable":true,"href":"https:\/\/news.sap.com\/brazil\/wp-json\/wp\/v2\/users\/561"}],"replies":[{"embeddable":true,"href":"https:\/\/news.sap.com\/brazil\/wp-json\/wp\/v2\/comments?post=12000"}],"version-history":[{"count":0,"href":"https:\/\/news.sap.com\/brazil\/wp-json\/wp\/v2\/posts\/12000\/revisions"}],"wp:featuredmedia":[{"embeddable":true,"href":"https:\/\/news.sap.com\/brazil\/wp-json\/wp\/v2\/media\/12001"}],"wp:attachment":[{"href":"https:\/\/news.sap.com\/brazil\/wp-json\/wp\/v2\/media?parent=12000"}],"wp:term":[{"taxonomy":"category","embeddable":true,"href":"https:\/\/news.sap.com\/brazil\/wp-json\/wp\/v2\/categories?post=12000"},{"taxonomy":"post_tag","embeddable":true,"href":"https:\/\/news.sap.com\/brazil\/wp-json\/wp\/v2\/tags?post=12000"},{"taxonomy":"sapn-display","embeddable":true,"href":"https:\/\/news.sap.com\/brazil\/wp-json\/wp\/v2\/sapn-display?post=12000"},{"taxonomy":"sapn-type","embeddable":true,"href":"https:\/\/news.sap.com\/brazil\/wp-json\/wp\/v2\/sapn-type?post=12000"}],"curies":[{"name":"wp","href":"https:\/\/api.w.org\/{rel}","templated":true}]}}