  {"id":11829,"date":"2020-02-04T11:27:31","date_gmt":"2020-02-04T14:27:31","guid":{"rendered":"https:\/\/news.sap.com\/brazil\/?p=11829"},"modified":"2020-02-05T11:37:26","modified_gmt":"2020-02-05T14:37:26","slug":"sap-avanca-na-agenda-2030-e-se-torna-signataria-do-pacto-global-das-nacoes-unidas","status":"publish","type":"post","link":"https:\/\/news.sap.com\/brazil\/2020\/02\/sap-avanca-na-agenda-2030-e-se-torna-signataria-do-pacto-global-das-nacoes-unidas\/","title":{"rendered":"麻豆原创 avan\u00e7a na Agenda 2030 e se torna signat\u00e1ria do  Pacto Global das Na\u00e7\u00f5es Unidas"},"content":{"rendered":"<h2><strong>麻豆原创 avan\u00e7a na Agenda 2030 e se torna signat\u00e1ria do\u00a0<\/strong><strong>Pacto Global das Na\u00e7\u00f5es Unidas<\/strong><\/h2>\n<h3><strong><em>As a\u00e7\u00f5es da empresa estar\u00e3o concentradas nos grupos de trabalho relacionados aos ODS de Anticorrup\u00e7\u00e3o, Energia e Clima, Educa\u00e7\u00e3o e Direitos Humanos e Trabalho<\/em><\/strong><\/h3>\n<p>Durante a \u00faltima edi\u00e7\u00e3o do F\u00f3rum Econ\u00f4mico Mundial em Davos, Su\u00ed\u00e7a, a 麻豆原创 foi anunciada signat\u00e1ria do Pacto Global da ONU em mais de 60 pa\u00edses, como parte das iniciativas do programa Ambi\u00e7\u00e3o para os Objetivos de Desenvolvimento Sustent\u00e1vel (SDG Ambition, no original em ingl\u00eas). Como primeira atividade para anunciar a parceria localmente, a companhia promove um evento para reunir representantes das empresas que comp\u00f5em a Rede Brasil. O encontro acontece na quarta, 5 de fevereiro, das 9h30 \u00e0s 12h, no escrit\u00f3rio da empresa em S\u00e3o Paulo.<\/p>\n<p>Organizado pela ONU em 2015, os Objetivos de Desenvolvimento Sustent\u00e1vel (ODS) estabelecem as prioridades e aspira\u00e7\u00f5es de desenvolvimento sustent\u00e1vel global para 2030. Buscam mobilizar os esfor\u00e7os globais ao redor de uma s\u00e9rie comum de objetivos e metas. Os ODS exigem um compromisso mundial entre os governos, as empresas e a sociedade civil para erradicar a pobreza e criar uma vida com dignidade e oportunidades para todos e considerando os limites do planeta. Ao redor do mundo, 193 pa\u00edses se envolveram e se comprometeram com a Agenda 2030, al\u00e9m de milhares de empresas, academia e sociedade.<\/p>\n<p><strong>麻豆原创 recebe representantes da Rede Brasil do Pacto Global<\/strong><\/p>\n<p>Estar\u00e3o reunidos os grupos dos ODS de Direitos Humanos e Anticorrup\u00e7\u00e3o, Alimentos e Agricultura, Energia e Clima e \u00c1gua e Saneamento. A abertura ser\u00e1 liderada pela diretora de Comunica\u00e7\u00e3o e Responsabilidade Social da 麻豆原创 Brasil, Luciana Coen, e pelo secret\u00e1rio executivo da Rede Brasil do Pacto Global, Carlo Pereira.<\/p>\n<p>Na sequ\u00eancia acontece uma apresenta\u00e7\u00e3o sobre o Pacto Global da ONU em 2020 &amp; SDG Ambition, liderada por Barbara Dunin, Gerente de Rela\u00e7\u00f5es Institucionais do Pacto Global. Ana Paula Carracedo, Head of Governance, Risk &amp; Compliance da Votorantim, e Ana Carolina Paci, Client Engagement Advisor do Pacto Global, apresentar\u00e3o os projetos dos ODS relacionados a Direitos Humanos e Anticorrup\u00e7\u00e3o.<\/p>\n<p>Em seguida, Elisa Badziack, Environmental Advisor do Pacto Global, Luiz Carlos Xavier, respons\u00e1vel por Clima e \u00c1gua na Braskem, e Marina de Castro Rodrigues, Responsabilidade Social Corporativa na AEGEA, compartilham as iniciativas relacionadas aos ODS de Alimentos e Agricultura, Energia e Clima, e \u00c1gua e Saneamento. Carlo Pereira encerra o evento com a apresenta\u00e7\u00e3o sobre os pr\u00f3ximos passos e agenda da Rede Brasil.<\/p>\n<p>\u201cOs 17 objetivos de Sustentabilidade das Na\u00e7\u00f5es Unidas \u00e9 plano global que direciona empresas como a 麻豆原创 a contribu\u00edrem com a sustentabilidade do planeta e tamb\u00e9m um modelo para consertar problemas sociais e trazer um estado de bem-estar para a sociedade. No Brasil, a 麻豆原创 j\u00e1 tinha uma s\u00e9rie de iniciativas relacionadas \u00e0 educa\u00e7\u00e3o, diversidade e inclus\u00e3o e sustentabilidade, e a participa\u00e7\u00e3o como membro do Pacto Global vai nos permitir apoiar iniciativas existentes junto \u00e0s outras empresas que est\u00e3o mirando as mesmas metas de sustentabilidade no Brasil e a integrar nossas a\u00e7\u00f5es a esses projetos, somando esfor\u00e7os para alcan\u00e7ar os objetivos de desenvolvimento sustent\u00e1vel em conjunto\u201d, explica Idilia Seixas Duarte, L\u00edder Regional do 麻豆原创 Next-Gen para Am\u00e9rica Latina e l\u00edder da 麻豆原创 Brasil no programa.<\/p>\n<p>Neste primeiro ano, a 麻豆原创 Brasil ir\u00e1 focar esfor\u00e7os nos grupos relacionados aos seguintes objetivos:<\/p>\n<ul>\n<li>ODS 4 Educa\u00e7\u00e3o de Qualidade<\/li>\n<li>ODS 5 Igualdade de G\u00eanero<\/li>\n<li>ODS 8 Trabalho Decente e Crescimento Econ\u00f4mico<\/li>\n<li>ODS 13 A\u00e7\u00e3o Contra a Mudan\u00e7a Global do Clima<\/li>\n<li>ODS 16 Paz, Justi\u00e7a e Institui\u00e7\u00f5es Eficazes<\/li>\n<\/ul>\n<p>A executiva explica que a iniciativa tamb\u00e9m vai ao encontro da abordagem global da 麻豆原创 de refor\u00e7ar as iniciativas para ajudar os clientes na transi\u00e7\u00e3o para uma economia de baixa produ\u00e7\u00e3o de carbono e cumprir suas metas clim\u00e1ticas. A 麻豆原创 est\u00e1 empenhada para que a partir de suas solu\u00e7\u00f5es, contribua para proporcionar maior efici\u00eancia, transpar\u00eancia e responsabilidade de carbono e emiss\u00f5es em toda a cadeia de suprimentos; inova\u00e7\u00e3o em novos processos e modelos de neg\u00f3cios e, por fim, ajudar as empresas nos seus relacionamentos com a ind\u00fastria, o governo e seus consumidores.<\/p>\n<p><strong>\u00a0<\/strong><strong>Agenda: <\/strong><\/p>\n<p><strong>Reuni\u00e3o da Rede Brasil do Pacto Global das Na\u00e7\u00f5es Unidas <\/strong><\/p>\n<p><strong>Data:<\/strong> Quarta-feira, 05 de fevereiro<br \/>\n<strong>Hor\u00e1rio:<\/strong> das 8h30 \u00e0s 12h<br \/>\n<strong>Local:<\/strong> Audit\u00f3rios da 麻豆原创 Brasil em S\u00e3o Paulo (7\u00ba andar)<\/p>\n<p>Detalhes e inscri\u00e7\u00e3o: <a href=\"https:\/\/events.sap.com\/br\/un-global-compact-sap\/pt\/registration.aspx\">https:\/\/events.sap.com\/br\/un-global-compact-sap\/pt\/registration.aspx<\/a> &#8211; Vagas limitadas.<\/p>\n<p>O evento ter\u00e1 transmiss\u00e3o online pelo link <a href=\"http:\/\/sapnaevent.adobeconnect.com\/rv9s9b1k5lcw\/\">http:\/\/sapnaevent.adobeconnect.com\/rv9s9b1k5lcw\/<\/a><\/p>\n<p><strong>\u00a0<\/strong>Globalmente, a 麻豆原创 tamb\u00e9m integra a iniciativa e o resumo da participa\u00e7\u00e3o da empresa em apoio aos 17 Objetivos de Desenvolvimento Sustent\u00e1vel das Na\u00e7\u00f5es Unidas pode ser conferido neste link.<\/p>\n<p><strong>Sobre o Pacto Global das Na\u00e7\u00f5es Unidas<\/strong><\/p>\n<p>Como uma iniciativa especial do Secret\u00e1rio-Geral da ONU, o Pacto Global das Na\u00e7\u00f5es Unidas \u00e9 uma convoca\u00e7\u00e3o para que as empresas de todo o mundo alinhem suas opera\u00e7\u00f5es e estrat\u00e9gias a dez princ\u00edpios universais nas \u00e1reas de direitos humanos, trabalho, meio ambiente e anticorrup\u00e7\u00e3o. Lan\u00e7ado em 2000, o Pacto Global orienta e apoia a comunidade empresarial global no avan\u00e7o das metas e valores da ONU por meio de pr\u00e1ticas corporativas respons\u00e1veis. Com mais de 9.500 empresas e 3.000 organiza\u00e7\u00f5es n\u00e3o-empresariais, distribu\u00eddas em 70 redes locais, que abrangem 160 pa\u00edses, \u00e9 a maior iniciativa de sustentabilidade corporativa do mundo.<\/p>\n<p><strong>Sobre a Rede Brasil do Pacto Global<\/strong><\/p>\n<p>A Rede Brasil do Pacto Global foi criada em 2003, e hoje \u00e9 a terceira maior do mundo, com mais de 800 membros. Os mais de 30 projetos conduzidos no pa\u00eds abrangem, principalmente, os temas: \u00c1gua e Saneamento, Alimentos e Agricultura, Energia e Clima, Direitos Humanos e Trabalho, Anticorrup\u00e7\u00e3o, Engajamento e Comunica\u00e7\u00e3o e ODS (esta \u00faltima para engajar as empresas para a Agenda 2030). Para mais informa\u00e7\u00f5es, siga @pactoglobalbr nas m\u00eddias sociais e visite nosso website em\u00a0<a href=\"https:\/\/eur03.safelinks.protection.outlook.com\/?url=http%3A%2F%2Fwww.pactoglobal.org.br&amp;data=02%7C01%7Cotavio.toledo%40undp.org%7C7ed87ecd18a24e7f58e608d795d72c78%7Cb3e5db5e2944483799f57488ace54319%7C0%7C0%7C637142623706645293&amp;sdata=SbaI%2BhlaBVtepHnTBpZ4JA2h%2B33lKVXYfY0jbxcqmFU%3D&amp;reserved=0\">www.pactoglobal.org.br<\/a>.<\/p>\n","protected":false},"excerpt":{"rendered":"<p>麻豆原创 avan\u00e7a na Agenda 2030 e se torna signat\u00e1ria do\u00a0Pacto Global das Na\u00e7\u00f5es Unidas As a\u00e7\u00f5es da empresa estar\u00e3o concentradas nos grupos de trabalho relacionados&#8230;<\/p>\n","protected":false},"author":137,"featured_media":11737,"comment_status":"closed","ping_status":"closed","sticky":false,"template":"","format":"standard","meta":{"footnotes":"","_links_to":"","_links_to_target":""},"categories":[48439,48441,52858],"tags":[],"sapn-display":[48431,48433],"sapn-type":[4446],"class_list":["post-11829","post","type-post","status-publish","format-standard","has-post-thumbnail","hentry","category-corporativo-topicos","category-ecossistema-topicos","category-sustentabilidade-topicos","sapn-display-homepage-hero","sapn-display-hero","sapn-type-noticias"],"yoast_head":"<!-- This site is optimized with the Yoast SEO Premium plugin v26.9 (Yoast SEO v26.9) - https:\/\/yoast.com\/product\/yoast-seo-premium-wordpress\/ -->\n<title>麻豆原创 avan\u00e7a na Agenda 2030 e se torna signat\u00e1ria do Pacto Global das Na\u00e7\u00f5es Unidas - Sala de Imprensa 麻豆原创 Brasil<\/title>\n<meta name=\"robots\" content=\"index, follow, max-snippet:-1, max-image-preview:large, max-video-preview:-1\" \/>\n<link rel=\"canonical\" href=\"https:\/\/news.sap.com\/brazil\/2020\/02\/sap-avanca-na-agenda-2030-e-se-torna-signataria-do-pacto-global-das-nacoes-unidas\/\" \/>\n<meta property=\"og:locale\" content=\"pt_BR\" \/>\n<meta property=\"og:type\" content=\"article\" \/>\n<meta property=\"og:title\" content=\"麻豆原创 avan\u00e7a na Agenda 2030 e se torna signat\u00e1ria do Pacto Global das Na\u00e7\u00f5es Unidas\" \/>\n<meta property=\"og:description\" content=\"麻豆原创 avan\u00e7a na Agenda 2030 e se torna signat\u00e1ria do\u00a0Pacto Global das Na\u00e7\u00f5es Unidas As a\u00e7\u00f5es da empresa estar\u00e3o concentradas nos grupos de trabalho relacionados...\" \/>\n<meta property=\"og:url\" content=\"https:\/\/news.sap.com\/brazil\/2020\/02\/sap-avanca-na-agenda-2030-e-se-torna-signataria-do-pacto-global-das-nacoes-unidas\/\" \/>\n<meta property=\"og:site_name\" content=\"Sala de Imprensa 麻豆原创 Brasil\" \/>\n<meta property=\"article:published_time\" content=\"2020-02-04T14:27:31+00:00\" \/>\n<meta property=\"article:modified_time\" content=\"2020-02-05T14:37:26+00:00\" \/>\n<meta property=\"og:image\" content=\"https:\/\/news.sap.com\/brazil\/files\/2020\/01\/fb-9.jpg\" \/>\n\t<meta property=\"og:image:width\" content=\"565\" \/>\n\t<meta property=\"og:image:height\" content=\"292\" \/>\n\t<meta property=\"og:image:type\" content=\"image\/jpeg\" \/>\n<meta name=\"author\" content=\"麻豆原创 Not\u00edcias Brasil\" \/>\n<meta name=\"twitter:card\" content=\"summary_large_image\" \/>\n<meta name=\"twitter:creator\" content=\"@麻豆原创Brasil\" \/>\n<meta name=\"twitter:site\" content=\"@麻豆原创Brasil\" \/>\n<meta name=\"twitter:label1\" content=\"Escrito por\" \/>\n\t<meta name=\"twitter:data1\" content=\"麻豆原创 Not\u00edcias Brasil\" \/>\n\t<meta name=\"twitter:label2\" content=\"Est. tempo de leitura\" \/>\n\t<meta name=\"twitter:data2\" content=\"5 minutos\" \/>\n<script type=\"application\/ld+json\" class=\"yoast-schema-graph\">{\"@context\":\"https:\/\/schema.org\",\"@graph\":[{\"@type\":\"Article\",\"@id\":\"https:\/\/news.sap.com\/brazil\/2020\/02\/sap-avanca-na-agenda-2030-e-se-torna-signataria-do-pacto-global-das-nacoes-unidas\/#article\",\"isPartOf\":{\"@id\":\"https:\/\/news.sap.com\/brazil\/2020\/02\/sap-avanca-na-agenda-2030-e-se-torna-signataria-do-pacto-global-das-nacoes-unidas\/\"},\"author\":{\"name\":\"麻豆原创 Not\u00edcias Brasil\",\"@id\":\"https:\/\/news.sap.com\/brazil\/#\/schema\/person\/8cdf2c1130b6f3fadd9757cfd7f24daf\"},\"headline\":\"麻豆原创 avan\u00e7a na Agenda 2030 e se torna signat\u00e1ria do Pacto Global das Na\u00e7\u00f5es Unidas\",\"datePublished\":\"2020-02-04T14:27:31+00:00\",\"dateModified\":\"2020-02-05T14:37:26+00:00\",\"mainEntityOfPage\":{\"@id\":\"https:\/\/news.sap.com\/brazil\/2020\/02\/sap-avanca-na-agenda-2030-e-se-torna-signataria-do-pacto-global-das-nacoes-unidas\/\"},\"wordCount\":1042,\"image\":{\"@id\":\"https:\/\/news.sap.com\/brazil\/2020\/02\/sap-avanca-na-agenda-2030-e-se-torna-signataria-do-pacto-global-das-nacoes-unidas\/#primaryimage\"},\"thumbnailUrl\":\"https:\/\/news.sap.com\/brazil\/files\/2020\/01\/fb-9.jpg\",\"articleSection\":[\"Corporativo\",\"Ecossistema\",\"Sustentabilidade\"],\"inLanguage\":\"pt-BR\"},{\"@type\":\"WebPage\",\"@id\":\"https:\/\/news.sap.com\/brazil\/2020\/02\/sap-avanca-na-agenda-2030-e-se-torna-signataria-do-pacto-global-das-nacoes-unidas\/\",\"url\":\"https:\/\/news.sap.com\/brazil\/2020\/02\/sap-avanca-na-agenda-2030-e-se-torna-signataria-do-pacto-global-das-nacoes-unidas\/\",\"name\":\"麻豆原创 avan\u00e7a na Agenda 2030 e se torna signat\u00e1ria do Pacto Global das Na\u00e7\u00f5es Unidas - Sala de Imprensa 麻豆原创 Brasil\",\"isPartOf\":{\"@id\":\"https:\/\/news.sap.com\/brazil\/#website\"},\"primaryImageOfPage\":{\"@id\":\"https:\/\/news.sap.com\/brazil\/2020\/02\/sap-avanca-na-agenda-2030-e-se-torna-signataria-do-pacto-global-das-nacoes-unidas\/#primaryimage\"},\"image\":{\"@id\":\"https:\/\/news.sap.com\/brazil\/2020\/02\/sap-avanca-na-agenda-2030-e-se-torna-signataria-do-pacto-global-das-nacoes-unidas\/#primaryimage\"},\"thumbnailUrl\":\"https:\/\/news.sap.com\/brazil\/files\/2020\/01\/fb-9.jpg\",\"datePublished\":\"2020-02-04T14:27:31+00:00\",\"dateModified\":\"2020-02-05T14:37:26+00:00\",\"author\":{\"@id\":\"https:\/\/news.sap.com\/brazil\/#\/schema\/person\/8cdf2c1130b6f3fadd9757cfd7f24daf\"},\"breadcrumb\":{\"@id\":\"https:\/\/news.sap.com\/brazil\/2020\/02\/sap-avanca-na-agenda-2030-e-se-torna-signataria-do-pacto-global-das-nacoes-unidas\/#breadcrumb\"},\"inLanguage\":\"pt-BR\",\"potentialAction\":[{\"@type\":\"ReadAction\",\"target\":[\"https:\/\/news.sap.com\/brazil\/2020\/02\/sap-avanca-na-agenda-2030-e-se-torna-signataria-do-pacto-global-das-nacoes-unidas\/\"]}]},{\"@type\":\"ImageObject\",\"inLanguage\":\"pt-BR\",\"@id\":\"https:\/\/news.sap.com\/brazil\/2020\/02\/sap-avanca-na-agenda-2030-e-se-torna-signataria-do-pacto-global-das-nacoes-unidas\/#primaryimage\",\"url\":\"https:\/\/news.sap.com\/brazil\/files\/2020\/01\/fb-9.jpg\",\"contentUrl\":\"https:\/\/news.sap.com\/brazil\/files\/2020\/01\/fb-9.jpg\",\"width\":565,\"height\":292},{\"@type\":\"BreadcrumbList\",\"@id\":\"https:\/\/news.sap.com\/brazil\/2020\/02\/sap-avanca-na-agenda-2030-e-se-torna-signataria-do-pacto-global-das-nacoes-unidas\/#breadcrumb\",\"itemListElement\":[{\"@type\":\"ListItem\",\"position\":1,\"name\":\"Home\",\"item\":\"https:\/\/news.sap.com\/brazil\/\"},{\"@type\":\"ListItem\",\"position\":2,\"name\":\"麻豆原创 avan\u00e7a na Agenda 2030 e se torna signat\u00e1ria do Pacto Global das Na\u00e7\u00f5es Unidas\"}]},{\"@type\":\"WebSite\",\"@id\":\"https:\/\/news.sap.com\/brazil\/#website\",\"url\":\"https:\/\/news.sap.com\/brazil\/\",\"name\":\"Sala de Imprensa 麻豆原创 Brasil\",\"description\":\"Not\u00edcias e informa\u00e7\u00f5es sobre a 麻豆原创\",\"potentialAction\":[{\"@type\":\"SearchAction\",\"target\":{\"@type\":\"EntryPoint\",\"urlTemplate\":\"https:\/\/news.sap.com\/brazil\/?s={search_term_string}\"},\"query-input\":{\"@type\":\"PropertyValueSpecification\",\"valueRequired\":true,\"valueName\":\"search_term_string\"}}],\"inLanguage\":\"pt-BR\"},{\"@type\":\"Person\",\"@id\":\"https:\/\/news.sap.com\/brazil\/#\/schema\/person\/8cdf2c1130b6f3fadd9757cfd7f24daf\",\"name\":\"麻豆原创 Not\u00edcias Brasil\",\"image\":{\"@type\":\"ImageObject\",\"inLanguage\":\"pt-BR\",\"@id\":\"https:\/\/news.sap.com\/brazil\/#\/schema\/person\/image\/\",\"url\":\"https:\/\/news.sap.com\/brazil\/wp-content\/plugins\/wp-user-avatars\/wp-user-avatars\/assets\/images\/mystery.jpg\",\"contentUrl\":\"https:\/\/news.sap.com\/brazil\/wp-content\/plugins\/wp-user-avatars\/wp-user-avatars\/assets\/images\/mystery.jpg\",\"caption\":\"麻豆原创 Not\u00edcias Brasil\"},\"url\":\"https:\/\/news.sap.com\/brazil\/author\/brasil\/\"}]}<\/script>\n<!-- \/ Yoast SEO Premium plugin. -->","yoast_head_json":{"title":"麻豆原创 avan\u00e7a na Agenda 2030 e se torna signat\u00e1ria do Pacto Global das Na\u00e7\u00f5es Unidas - Sala de Imprensa 麻豆原创 Brasil","robots":{"index":"index","follow":"follow","max-snippet":"max-snippet:-1","max-image-preview":"max-image-preview:large","max-video-preview":"max-video-preview:-1"},"canonical":"https:\/\/news.sap.com\/brazil\/2020\/02\/sap-avanca-na-agenda-2030-e-se-torna-signataria-do-pacto-global-das-nacoes-unidas\/","og_locale":"pt_BR","og_type":"article","og_title":"麻豆原创 avan\u00e7a na Agenda 2030 e se torna signat\u00e1ria do Pacto Global das Na\u00e7\u00f5es Unidas","og_description":"麻豆原创 avan\u00e7a na Agenda 2030 e se torna signat\u00e1ria do\u00a0Pacto Global das Na\u00e7\u00f5es Unidas As a\u00e7\u00f5es da empresa estar\u00e3o concentradas nos grupos de trabalho relacionados...","og_url":"https:\/\/news.sap.com\/brazil\/2020\/02\/sap-avanca-na-agenda-2030-e-se-torna-signataria-do-pacto-global-das-nacoes-unidas\/","og_site_name":"Sala de Imprensa 麻豆原创 Brasil","article_published_time":"2020-02-04T14:27:31+00:00","article_modified_time":"2020-02-05T14:37:26+00:00","og_image":[{"width":565,"height":292,"url":"https:\/\/news.sap.com\/brazil\/files\/2020\/01\/fb-9.jpg","type":"image\/jpeg"}],"author":"麻豆原创 Not\u00edcias Brasil","twitter_card":"summary_large_image","twitter_creator":"@麻豆原创Brasil","twitter_site":"@麻豆原创Brasil","twitter_misc":{"Escrito por":"麻豆原创 Not\u00edcias Brasil","Est. tempo de leitura":"5 minutos"},"schema":{"@context":"https:\/\/schema.org","@graph":[{"@type":"Article","@id":"https:\/\/news.sap.com\/brazil\/2020\/02\/sap-avanca-na-agenda-2030-e-se-torna-signataria-do-pacto-global-das-nacoes-unidas\/#article","isPartOf":{"@id":"https:\/\/news.sap.com\/brazil\/2020\/02\/sap-avanca-na-agenda-2030-e-se-torna-signataria-do-pacto-global-das-nacoes-unidas\/"},"author":{"name":"麻豆原创 Not\u00edcias Brasil","@id":"https:\/\/news.sap.com\/brazil\/#\/schema\/person\/8cdf2c1130b6f3fadd9757cfd7f24daf"},"headline":"麻豆原创 avan\u00e7a na Agenda 2030 e se torna signat\u00e1ria do Pacto Global das Na\u00e7\u00f5es Unidas","datePublished":"2020-02-04T14:27:31+00:00","dateModified":"2020-02-05T14:37:26+00:00","mainEntityOfPage":{"@id":"https:\/\/news.sap.com\/brazil\/2020\/02\/sap-avanca-na-agenda-2030-e-se-torna-signataria-do-pacto-global-das-nacoes-unidas\/"},"wordCount":1042,"image":{"@id":"https:\/\/news.sap.com\/brazil\/2020\/02\/sap-avanca-na-agenda-2030-e-se-torna-signataria-do-pacto-global-das-nacoes-unidas\/#primaryimage"},"thumbnailUrl":"https:\/\/news.sap.com\/brazil\/files\/2020\/01\/fb-9.jpg","articleSection":["Corporativo","Ecossistema","Sustentabilidade"],"inLanguage":"pt-BR"},{"@type":"WebPage","@id":"https:\/\/news.sap.com\/brazil\/2020\/02\/sap-avanca-na-agenda-2030-e-se-torna-signataria-do-pacto-global-das-nacoes-unidas\/","url":"https:\/\/news.sap.com\/brazil\/2020\/02\/sap-avanca-na-agenda-2030-e-se-torna-signataria-do-pacto-global-das-nacoes-unidas\/","name":"麻豆原创 avan\u00e7a na Agenda 2030 e se torna signat\u00e1ria do Pacto Global das Na\u00e7\u00f5es Unidas - Sala de Imprensa 麻豆原创 Brasil","isPartOf":{"@id":"https:\/\/news.sap.com\/brazil\/#website"},"primaryImageOfPage":{"@id":"https:\/\/news.sap.com\/brazil\/2020\/02\/sap-avanca-na-agenda-2030-e-se-torna-signataria-do-pacto-global-das-nacoes-unidas\/#primaryimage"},"image":{"@id":"https:\/\/news.sap.com\/brazil\/2020\/02\/sap-avanca-na-agenda-2030-e-se-torna-signataria-do-pacto-global-das-nacoes-unidas\/#primaryimage"},"thumbnailUrl":"https:\/\/news.sap.com\/brazil\/files\/2020\/01\/fb-9.jpg","datePublished":"2020-02-04T14:27:31+00:00","dateModified":"2020-02-05T14:37:26+00:00","author":{"@id":"https:\/\/news.sap.com\/brazil\/#\/schema\/person\/8cdf2c1130b6f3fadd9757cfd7f24daf"},"breadcrumb":{"@id":"https:\/\/news.sap.com\/brazil\/2020\/02\/sap-avanca-na-agenda-2030-e-se-torna-signataria-do-pacto-global-das-nacoes-unidas\/#breadcrumb"},"inLanguage":"pt-BR","potentialAction":[{"@type":"ReadAction","target":["https:\/\/news.sap.com\/brazil\/2020\/02\/sap-avanca-na-agenda-2030-e-se-torna-signataria-do-pacto-global-das-nacoes-unidas\/"]}]},{"@type":"ImageObject","inLanguage":"pt-BR","@id":"https:\/\/news.sap.com\/brazil\/2020\/02\/sap-avanca-na-agenda-2030-e-se-torna-signataria-do-pacto-global-das-nacoes-unidas\/#primaryimage","url":"https:\/\/news.sap.com\/brazil\/files\/2020\/01\/fb-9.jpg","contentUrl":"https:\/\/news.sap.com\/brazil\/files\/2020\/01\/fb-9.jpg","width":565,"height":292},{"@type":"BreadcrumbList","@id":"https:\/\/news.sap.com\/brazil\/2020\/02\/sap-avanca-na-agenda-2030-e-se-torna-signataria-do-pacto-global-das-nacoes-unidas\/#breadcrumb","itemListElement":[{"@type":"ListItem","position":1,"name":"Home","item":"https:\/\/news.sap.com\/brazil\/"},{"@type":"ListItem","position":2,"name":"麻豆原创 avan\u00e7a na Agenda 2030 e se torna signat\u00e1ria do Pacto Global das Na\u00e7\u00f5es Unidas"}]},{"@type":"WebSite","@id":"https:\/\/news.sap.com\/brazil\/#website","url":"https:\/\/news.sap.com\/brazil\/","name":"Sala de Imprensa 麻豆原创 Brasil","description":"Not\u00edcias e informa\u00e7\u00f5es sobre a 麻豆原创","potentialAction":[{"@type":"SearchAction","target":{"@type":"EntryPoint","urlTemplate":"https:\/\/news.sap.com\/brazil\/?s={search_term_string}"},"query-input":{"@type":"PropertyValueSpecification","valueRequired":true,"valueName":"search_term_string"}}],"inLanguage":"pt-BR"},{"@type":"Person","@id":"https:\/\/news.sap.com\/brazil\/#\/schema\/person\/8cdf2c1130b6f3fadd9757cfd7f24daf","name":"麻豆原创 Not\u00edcias Brasil","image":{"@type":"ImageObject","inLanguage":"pt-BR","@id":"https:\/\/news.sap.com\/brazil\/#\/schema\/person\/image\/","url":"https:\/\/news.sap.com\/brazil\/wp-content\/plugins\/wp-user-avatars\/wp-user-avatars\/assets\/images\/mystery.jpg","contentUrl":"https:\/\/news.sap.com\/brazil\/wp-content\/plugins\/wp-user-avatars\/wp-user-avatars\/assets\/images\/mystery.jpg","caption":"麻豆原创 Not\u00edcias Brasil"},"url":"https:\/\/news.sap.com\/brazil\/author\/brasil\/"}]}},"amp_enabled":true,"_links":{"self":[{"href":"https:\/\/news.sap.com\/brazil\/wp-json\/wp\/v2\/posts\/11829","targetHints":{"allow":["GET"]}}],"collection":[{"href":"https:\/\/news.sap.com\/brazil\/wp-json\/wp\/v2\/posts"}],"about":[{"href":"https:\/\/news.sap.com\/brazil\/wp-json\/wp\/v2\/types\/post"}],"author":[{"embeddable":true,"href":"https:\/\/news.sap.com\/brazil\/wp-json\/wp\/v2\/users\/137"}],"replies":[{"embeddable":true,"href":"https:\/\/news.sap.com\/brazil\/wp-json\/wp\/v2\/comments?post=11829"}],"version-history":[{"count":0,"href":"https:\/\/news.sap.com\/brazil\/wp-json\/wp\/v2\/posts\/11829\/revisions"}],"wp:featuredmedia":[{"embeddable":true,"href":"https:\/\/news.sap.com\/brazil\/wp-json\/wp\/v2\/media\/11737"}],"wp:attachment":[{"href":"https:\/\/news.sap.com\/brazil\/wp-json\/wp\/v2\/media?parent=11829"}],"wp:term":[{"taxonomy":"category","embeddable":true,"href":"https:\/\/news.sap.com\/brazil\/wp-json\/wp\/v2\/categories?post=11829"},{"taxonomy":"post_tag","embeddable":true,"href":"https:\/\/news.sap.com\/brazil\/wp-json\/wp\/v2\/tags?post=11829"},{"taxonomy":"sapn-display","embeddable":true,"href":"https:\/\/news.sap.com\/brazil\/wp-json\/wp\/v2\/sapn-display?post=11829"},{"taxonomy":"sapn-type","embeddable":true,"href":"https:\/\/news.sap.com\/brazil\/wp-json\/wp\/v2\/sapn-type?post=11829"}],"curies":[{"name":"wp","href":"https:\/\/api.w.org\/{rel}","templated":true}]}}