  {"id":11809,"date":"2020-01-30T15:39:48","date_gmt":"2020-01-30T18:39:48","guid":{"rendered":"https:\/\/news.sap.com\/brazil\/?p=11809"},"modified":"2022-02-15T11:30:26","modified_gmt":"2022-02-15T14:30:26","slug":"programa-de-saude-mental-da-sap-brasil-e-finalista-em-premio-internacional","status":"publish","type":"post","link":"https:\/\/news.sap.com\/brazil\/2020\/01\/programa-de-saude-mental-da-sap-brasil-e-finalista-em-premio-internacional\/","title":{"rendered":"Programa de Sa\u00fade Mental da 麻豆原创 Brasil \u00e9 finalista em pr\u00eamio internacional"},"content":{"rendered":"<p><em>Employee Communications Awards \u00e9 uma iniciativa da Ragan Communications e vai premiar os melhores cases em 42 categorias<\/em><\/p>\n<p><em><br \/>\n<\/em>A 麻豆原创 Brasil \u00e9 a \u00fanica empresa do pa\u00eds na lista de finalistas do <em>Employee Communications Awards<\/em>, uma iniciativa da Ragan Communications que destaca as empresas que melhor se comunicam com o seu time de colaboradores. A 麻豆原创 Brasil concorre na categoria Programa de Bem-Estar pela implanta\u00e7\u00e3o piloto do programa global batizado de Mental Health e que \u00e9 uma iniciativa da matriz e pensada pelos times de RH, Diversidade &amp; Inclus\u00e3o, Marketing e Comunica\u00e7\u00e3o. O objetivo \u00e9 criar um ambiente seguro e livre de preconceitos para se falar abertamente de doen\u00e7as mentais, preven\u00e7\u00e3o e bem-estar na \u00e1rea de sa\u00fade psicol\u00f3gica.<\/p>\n<p>A campanha criada pelo time de comunica\u00e7\u00e3o da 麻豆原创 promove conte\u00fado, a\u00e7\u00f5es e ferramentas que podem apoiar todos os colaboradores a cuidar mais da sa\u00fade mental. Desde agosto de 2019, est\u00e3o sendo desenvolvidas uma s\u00e9rie de atividades para fornecer aos colaboradores, a partir dos canais comuns, palestras, rodas de conversa e cria\u00e7\u00e3o de canais exclusivos, ferramentas para que estejam amparados emocionalmente para os desafios do mercado de tecnologia e das rela\u00e7\u00f5es de trabalho.<\/p>\n<p>A iniciativa promove a sensibiliza\u00e7\u00e3o para o tema, desmistificando o assunto, al\u00e9m da sensibiliza\u00e7\u00e3o das lideran\u00e7as e mudan\u00e7a de cultura, refor\u00e7ando a necessidade de compreens\u00e3o, acolhimento dos gestores e dos colegas quando algum colaborador informar problema de sa\u00fade mental. Todos os 2.200 funcion\u00e1rios da 麻豆原创 Brasil e do 麻豆原创 Labs (S\u00e3o Leopoldo, RS) s\u00e3o convidados a participar das atividades.<\/p>\n<p>\u201cPara a 麻豆原创 Brasil \u00e9 motivo de orgulho ter sido escolhida como opera\u00e7\u00e3o piloto para implementar esse projeto, que tem grande incentivo da organiza\u00e7\u00e3o global. Acredito que temos muito a compartilhar com os outros times da 麻豆原创 em diversos pa\u00edses e tamb\u00e9m levantar a bandeira sobre a import\u00e2ncia fomentar um ambiente livre de preconceitos para falar sobre as quest\u00f5es relacionadas \u00e0 sa\u00fade mental, incentivando que cada vez mais empresas tenham um olhar atento para essa necessidade\u201d explica Luciana Coen, diretora de comunica\u00e7\u00e3o e CSR da 麻豆原创 Brasil.<\/p>\n<p>Os vencedores do Pr\u00eamio ser\u00e3o anunciados no dia 28 de fevereiro de 2020 em um evento no Grand Hyatt em Nova York. Detalhes sobre o Pr\u00eamio e todos os projetos finalistas est\u00e3o dispon\u00edveis neste <a href=\"https:\/\/www.ragan.com\/awards\/events\/ragans-employee-communications-awards-luncheon-2020\/\">link<\/a><\/p>\n<p>&nbsp;<\/p>\n","protected":false},"excerpt":{"rendered":"<p>Employee Communications Awards \u00e9 uma iniciativa da Ragan Communications e vai premiar os melhores cases em 42 categorias A 麻豆原创 Brasil \u00e9 a \u00fanica empresa&#8230;<\/p>\n","protected":false},"author":137,"featured_media":11724,"comment_status":"closed","ping_status":"closed","sticky":false,"template":"","format":"standard","meta":{"footnotes":"","_links_to":"","_links_to_target":""},"categories":[48439],"tags":[16664],"sapn-display":[],"sapn-type":[4446],"class_list":["post-11809","post","type-post","status-publish","format-standard","has-post-thumbnail","hentry","category-corporativo-topicos","tag-saude","sapn-type-noticias"],"yoast_head":"<!-- This site is optimized with the Yoast SEO Premium plugin v26.9 (Yoast SEO v26.9) - https:\/\/yoast.com\/product\/yoast-seo-premium-wordpress\/ -->\n<title>Programa de Sa\u00fade Mental da 麻豆原创 Brasil \u00e9 finalista em pr\u00eamio internacional - Sala de Imprensa 麻豆原创 Brasil<\/title>\n<meta name=\"robots\" content=\"index, follow, max-snippet:-1, max-image-preview:large, max-video-preview:-1\" \/>\n<link rel=\"canonical\" href=\"https:\/\/news.sap.com\/brazil\/2020\/01\/programa-de-saude-mental-da-sap-brasil-e-finalista-em-premio-internacional\/\" \/>\n<meta property=\"og:locale\" content=\"pt_BR\" \/>\n<meta property=\"og:type\" content=\"article\" \/>\n<meta property=\"og:title\" content=\"Programa de Sa\u00fade Mental da 麻豆原创 Brasil \u00e9 finalista em pr\u00eamio internacional\" \/>\n<meta property=\"og:description\" content=\"Employee Communications Awards \u00e9 uma iniciativa da Ragan Communications e vai premiar os melhores cases em 42 categorias A 麻豆原创 Brasil \u00e9 a \u00fanica empresa...\" \/>\n<meta property=\"og:url\" content=\"https:\/\/news.sap.com\/brazil\/2020\/01\/programa-de-saude-mental-da-sap-brasil-e-finalista-em-premio-internacional\/\" \/>\n<meta property=\"og:site_name\" content=\"Sala de Imprensa 麻豆原创 Brasil\" \/>\n<meta property=\"article:published_time\" content=\"2020-01-30T18:39:48+00:00\" \/>\n<meta property=\"article:modified_time\" content=\"2022-02-15T14:30:26+00:00\" \/>\n<meta property=\"og:image\" content=\"https:\/\/news.sap.com\/brazil\/files\/2020\/01\/dest-7.jpg\" \/>\n\t<meta property=\"og:image:width\" content=\"1400\" \/>\n\t<meta property=\"og:image:height\" content=\"600\" \/>\n\t<meta property=\"og:image:type\" content=\"image\/jpeg\" \/>\n<meta name=\"author\" content=\"麻豆原创 Not\u00edcias Brasil\" \/>\n<meta name=\"twitter:card\" content=\"summary_large_image\" \/>\n<meta name=\"twitter:creator\" content=\"@麻豆原创Brasil\" \/>\n<meta name=\"twitter:site\" content=\"@麻豆原创Brasil\" \/>\n<meta name=\"twitter:label1\" content=\"Escrito por\" \/>\n\t<meta name=\"twitter:data1\" content=\"麻豆原创 Not\u00edcias Brasil\" \/>\n\t<meta name=\"twitter:label2\" content=\"Est. tempo de leitura\" \/>\n\t<meta name=\"twitter:data2\" content=\"2 minutos\" \/>\n<script type=\"application\/ld+json\" class=\"yoast-schema-graph\">{\"@context\":\"https:\/\/schema.org\",\"@graph\":[{\"@type\":\"Article\",\"@id\":\"https:\/\/news.sap.com\/brazil\/2020\/01\/programa-de-saude-mental-da-sap-brasil-e-finalista-em-premio-internacional\/#article\",\"isPartOf\":{\"@id\":\"https:\/\/news.sap.com\/brazil\/2020\/01\/programa-de-saude-mental-da-sap-brasil-e-finalista-em-premio-internacional\/\"},\"author\":{\"name\":\"麻豆原创 Not\u00edcias Brasil\",\"@id\":\"https:\/\/news.sap.com\/brazil\/#\/schema\/person\/8cdf2c1130b6f3fadd9757cfd7f24daf\"},\"headline\":\"Programa de Sa\u00fade Mental da 麻豆原创 Brasil \u00e9 finalista em pr\u00eamio internacional\",\"datePublished\":\"2020-01-30T18:39:48+00:00\",\"dateModified\":\"2022-02-15T14:30:26+00:00\",\"mainEntityOfPage\":{\"@id\":\"https:\/\/news.sap.com\/brazil\/2020\/01\/programa-de-saude-mental-da-sap-brasil-e-finalista-em-premio-internacional\/\"},\"wordCount\":415,\"image\":{\"@id\":\"https:\/\/news.sap.com\/brazil\/2020\/01\/programa-de-saude-mental-da-sap-brasil-e-finalista-em-premio-internacional\/#primaryimage\"},\"thumbnailUrl\":\"https:\/\/news.sap.com\/brazil\/files\/2020\/01\/dest-7.jpg\",\"keywords\":[\"sa\u00fade\"],\"articleSection\":[\"Corporativo\"],\"inLanguage\":\"pt-BR\"},{\"@type\":\"WebPage\",\"@id\":\"https:\/\/news.sap.com\/brazil\/2020\/01\/programa-de-saude-mental-da-sap-brasil-e-finalista-em-premio-internacional\/\",\"url\":\"https:\/\/news.sap.com\/brazil\/2020\/01\/programa-de-saude-mental-da-sap-brasil-e-finalista-em-premio-internacional\/\",\"name\":\"Programa de Sa\u00fade Mental da 麻豆原创 Brasil \u00e9 finalista em pr\u00eamio internacional - Sala de Imprensa 麻豆原创 Brasil\",\"isPartOf\":{\"@id\":\"https:\/\/news.sap.com\/brazil\/#website\"},\"primaryImageOfPage\":{\"@id\":\"https:\/\/news.sap.com\/brazil\/2020\/01\/programa-de-saude-mental-da-sap-brasil-e-finalista-em-premio-internacional\/#primaryimage\"},\"image\":{\"@id\":\"https:\/\/news.sap.com\/brazil\/2020\/01\/programa-de-saude-mental-da-sap-brasil-e-finalista-em-premio-internacional\/#primaryimage\"},\"thumbnailUrl\":\"https:\/\/news.sap.com\/brazil\/files\/2020\/01\/dest-7.jpg\",\"datePublished\":\"2020-01-30T18:39:48+00:00\",\"dateModified\":\"2022-02-15T14:30:26+00:00\",\"author\":{\"@id\":\"https:\/\/news.sap.com\/brazil\/#\/schema\/person\/8cdf2c1130b6f3fadd9757cfd7f24daf\"},\"breadcrumb\":{\"@id\":\"https:\/\/news.sap.com\/brazil\/2020\/01\/programa-de-saude-mental-da-sap-brasil-e-finalista-em-premio-internacional\/#breadcrumb\"},\"inLanguage\":\"pt-BR\",\"potentialAction\":[{\"@type\":\"ReadAction\",\"target\":[\"https:\/\/news.sap.com\/brazil\/2020\/01\/programa-de-saude-mental-da-sap-brasil-e-finalista-em-premio-internacional\/\"]}]},{\"@type\":\"ImageObject\",\"inLanguage\":\"pt-BR\",\"@id\":\"https:\/\/news.sap.com\/brazil\/2020\/01\/programa-de-saude-mental-da-sap-brasil-e-finalista-em-premio-internacional\/#primaryimage\",\"url\":\"https:\/\/news.sap.com\/brazil\/files\/2020\/01\/dest-7.jpg\",\"contentUrl\":\"https:\/\/news.sap.com\/brazil\/files\/2020\/01\/dest-7.jpg\",\"width\":1400,\"height\":600,\"caption\":\"FBO ID --- Image by \u00a9 Blue Images\/Corbis\"},{\"@type\":\"BreadcrumbList\",\"@id\":\"https:\/\/news.sap.com\/brazil\/2020\/01\/programa-de-saude-mental-da-sap-brasil-e-finalista-em-premio-internacional\/#breadcrumb\",\"itemListElement\":[{\"@type\":\"ListItem\",\"position\":1,\"name\":\"Home\",\"item\":\"https:\/\/news.sap.com\/brazil\/\"},{\"@type\":\"ListItem\",\"position\":2,\"name\":\"Programa de Sa\u00fade Mental da 麻豆原创 Brasil \u00e9 finalista em pr\u00eamio internacional\"}]},{\"@type\":\"WebSite\",\"@id\":\"https:\/\/news.sap.com\/brazil\/#website\",\"url\":\"https:\/\/news.sap.com\/brazil\/\",\"name\":\"Sala de Imprensa 麻豆原创 Brasil\",\"description\":\"Not\u00edcias e informa\u00e7\u00f5es sobre a 麻豆原创\",\"potentialAction\":[{\"@type\":\"SearchAction\",\"target\":{\"@type\":\"EntryPoint\",\"urlTemplate\":\"https:\/\/news.sap.com\/brazil\/?s={search_term_string}\"},\"query-input\":{\"@type\":\"PropertyValueSpecification\",\"valueRequired\":true,\"valueName\":\"search_term_string\"}}],\"inLanguage\":\"pt-BR\"},{\"@type\":\"Person\",\"@id\":\"https:\/\/news.sap.com\/brazil\/#\/schema\/person\/8cdf2c1130b6f3fadd9757cfd7f24daf\",\"name\":\"麻豆原创 Not\u00edcias Brasil\",\"image\":{\"@type\":\"ImageObject\",\"inLanguage\":\"pt-BR\",\"@id\":\"https:\/\/news.sap.com\/brazil\/#\/schema\/person\/image\/\",\"url\":\"https:\/\/news.sap.com\/brazil\/wp-content\/plugins\/wp-user-avatars\/wp-user-avatars\/assets\/images\/mystery.jpg\",\"contentUrl\":\"https:\/\/news.sap.com\/brazil\/wp-content\/plugins\/wp-user-avatars\/wp-user-avatars\/assets\/images\/mystery.jpg\",\"caption\":\"麻豆原创 Not\u00edcias Brasil\"},\"url\":\"https:\/\/news.sap.com\/brazil\/author\/brasil\/\"}]}<\/script>\n<!-- \/ Yoast SEO Premium plugin. -->","yoast_head_json":{"title":"Programa de Sa\u00fade Mental da 麻豆原创 Brasil \u00e9 finalista em pr\u00eamio internacional - Sala de Imprensa 麻豆原创 Brasil","robots":{"index":"index","follow":"follow","max-snippet":"max-snippet:-1","max-image-preview":"max-image-preview:large","max-video-preview":"max-video-preview:-1"},"canonical":"https:\/\/news.sap.com\/brazil\/2020\/01\/programa-de-saude-mental-da-sap-brasil-e-finalista-em-premio-internacional\/","og_locale":"pt_BR","og_type":"article","og_title":"Programa de Sa\u00fade Mental da 麻豆原创 Brasil \u00e9 finalista em pr\u00eamio internacional","og_description":"Employee Communications Awards \u00e9 uma iniciativa da Ragan Communications e vai premiar os melhores cases em 42 categorias A 麻豆原创 Brasil \u00e9 a \u00fanica empresa...","og_url":"https:\/\/news.sap.com\/brazil\/2020\/01\/programa-de-saude-mental-da-sap-brasil-e-finalista-em-premio-internacional\/","og_site_name":"Sala de Imprensa 麻豆原创 Brasil","article_published_time":"2020-01-30T18:39:48+00:00","article_modified_time":"2022-02-15T14:30:26+00:00","og_image":[{"width":1400,"height":600,"url":"https:\/\/news.sap.com\/brazil\/files\/2020\/01\/dest-7.jpg","type":"image\/jpeg"}],"author":"麻豆原创 Not\u00edcias Brasil","twitter_card":"summary_large_image","twitter_creator":"@麻豆原创Brasil","twitter_site":"@麻豆原创Brasil","twitter_misc":{"Escrito por":"麻豆原创 Not\u00edcias Brasil","Est. tempo de leitura":"2 minutos"},"schema":{"@context":"https:\/\/schema.org","@graph":[{"@type":"Article","@id":"https:\/\/news.sap.com\/brazil\/2020\/01\/programa-de-saude-mental-da-sap-brasil-e-finalista-em-premio-internacional\/#article","isPartOf":{"@id":"https:\/\/news.sap.com\/brazil\/2020\/01\/programa-de-saude-mental-da-sap-brasil-e-finalista-em-premio-internacional\/"},"author":{"name":"麻豆原创 Not\u00edcias Brasil","@id":"https:\/\/news.sap.com\/brazil\/#\/schema\/person\/8cdf2c1130b6f3fadd9757cfd7f24daf"},"headline":"Programa de Sa\u00fade Mental da 麻豆原创 Brasil \u00e9 finalista em pr\u00eamio internacional","datePublished":"2020-01-30T18:39:48+00:00","dateModified":"2022-02-15T14:30:26+00:00","mainEntityOfPage":{"@id":"https:\/\/news.sap.com\/brazil\/2020\/01\/programa-de-saude-mental-da-sap-brasil-e-finalista-em-premio-internacional\/"},"wordCount":415,"image":{"@id":"https:\/\/news.sap.com\/brazil\/2020\/01\/programa-de-saude-mental-da-sap-brasil-e-finalista-em-premio-internacional\/#primaryimage"},"thumbnailUrl":"https:\/\/news.sap.com\/brazil\/files\/2020\/01\/dest-7.jpg","keywords":["sa\u00fade"],"articleSection":["Corporativo"],"inLanguage":"pt-BR"},{"@type":"WebPage","@id":"https:\/\/news.sap.com\/brazil\/2020\/01\/programa-de-saude-mental-da-sap-brasil-e-finalista-em-premio-internacional\/","url":"https:\/\/news.sap.com\/brazil\/2020\/01\/programa-de-saude-mental-da-sap-brasil-e-finalista-em-premio-internacional\/","name":"Programa de Sa\u00fade Mental da 麻豆原创 Brasil \u00e9 finalista em pr\u00eamio internacional - Sala de Imprensa 麻豆原创 Brasil","isPartOf":{"@id":"https:\/\/news.sap.com\/brazil\/#website"},"primaryImageOfPage":{"@id":"https:\/\/news.sap.com\/brazil\/2020\/01\/programa-de-saude-mental-da-sap-brasil-e-finalista-em-premio-internacional\/#primaryimage"},"image":{"@id":"https:\/\/news.sap.com\/brazil\/2020\/01\/programa-de-saude-mental-da-sap-brasil-e-finalista-em-premio-internacional\/#primaryimage"},"thumbnailUrl":"https:\/\/news.sap.com\/brazil\/files\/2020\/01\/dest-7.jpg","datePublished":"2020-01-30T18:39:48+00:00","dateModified":"2022-02-15T14:30:26+00:00","author":{"@id":"https:\/\/news.sap.com\/brazil\/#\/schema\/person\/8cdf2c1130b6f3fadd9757cfd7f24daf"},"breadcrumb":{"@id":"https:\/\/news.sap.com\/brazil\/2020\/01\/programa-de-saude-mental-da-sap-brasil-e-finalista-em-premio-internacional\/#breadcrumb"},"inLanguage":"pt-BR","potentialAction":[{"@type":"ReadAction","target":["https:\/\/news.sap.com\/brazil\/2020\/01\/programa-de-saude-mental-da-sap-brasil-e-finalista-em-premio-internacional\/"]}]},{"@type":"ImageObject","inLanguage":"pt-BR","@id":"https:\/\/news.sap.com\/brazil\/2020\/01\/programa-de-saude-mental-da-sap-brasil-e-finalista-em-premio-internacional\/#primaryimage","url":"https:\/\/news.sap.com\/brazil\/files\/2020\/01\/dest-7.jpg","contentUrl":"https:\/\/news.sap.com\/brazil\/files\/2020\/01\/dest-7.jpg","width":1400,"height":600,"caption":"FBO ID --- Image by \u00a9 Blue Images\/Corbis"},{"@type":"BreadcrumbList","@id":"https:\/\/news.sap.com\/brazil\/2020\/01\/programa-de-saude-mental-da-sap-brasil-e-finalista-em-premio-internacional\/#breadcrumb","itemListElement":[{"@type":"ListItem","position":1,"name":"Home","item":"https:\/\/news.sap.com\/brazil\/"},{"@type":"ListItem","position":2,"name":"Programa de Sa\u00fade Mental da 麻豆原创 Brasil \u00e9 finalista em pr\u00eamio internacional"}]},{"@type":"WebSite","@id":"https:\/\/news.sap.com\/brazil\/#website","url":"https:\/\/news.sap.com\/brazil\/","name":"Sala de Imprensa 麻豆原创 Brasil","description":"Not\u00edcias e informa\u00e7\u00f5es sobre a 麻豆原创","potentialAction":[{"@type":"SearchAction","target":{"@type":"EntryPoint","urlTemplate":"https:\/\/news.sap.com\/brazil\/?s={search_term_string}"},"query-input":{"@type":"PropertyValueSpecification","valueRequired":true,"valueName":"search_term_string"}}],"inLanguage":"pt-BR"},{"@type":"Person","@id":"https:\/\/news.sap.com\/brazil\/#\/schema\/person\/8cdf2c1130b6f3fadd9757cfd7f24daf","name":"麻豆原创 Not\u00edcias Brasil","image":{"@type":"ImageObject","inLanguage":"pt-BR","@id":"https:\/\/news.sap.com\/brazil\/#\/schema\/person\/image\/","url":"https:\/\/news.sap.com\/brazil\/wp-content\/plugins\/wp-user-avatars\/wp-user-avatars\/assets\/images\/mystery.jpg","contentUrl":"https:\/\/news.sap.com\/brazil\/wp-content\/plugins\/wp-user-avatars\/wp-user-avatars\/assets\/images\/mystery.jpg","caption":"麻豆原创 Not\u00edcias Brasil"},"url":"https:\/\/news.sap.com\/brazil\/author\/brasil\/"}]}},"amp_enabled":true,"_links":{"self":[{"href":"https:\/\/news.sap.com\/brazil\/wp-json\/wp\/v2\/posts\/11809","targetHints":{"allow":["GET"]}}],"collection":[{"href":"https:\/\/news.sap.com\/brazil\/wp-json\/wp\/v2\/posts"}],"about":[{"href":"https:\/\/news.sap.com\/brazil\/wp-json\/wp\/v2\/types\/post"}],"author":[{"embeddable":true,"href":"https:\/\/news.sap.com\/brazil\/wp-json\/wp\/v2\/users\/137"}],"replies":[{"embeddable":true,"href":"https:\/\/news.sap.com\/brazil\/wp-json\/wp\/v2\/comments?post=11809"}],"version-history":[{"count":0,"href":"https:\/\/news.sap.com\/brazil\/wp-json\/wp\/v2\/posts\/11809\/revisions"}],"wp:featuredmedia":[{"embeddable":true,"href":"https:\/\/news.sap.com\/brazil\/wp-json\/wp\/v2\/media\/11724"}],"wp:attachment":[{"href":"https:\/\/news.sap.com\/brazil\/wp-json\/wp\/v2\/media?parent=11809"}],"wp:term":[{"taxonomy":"category","embeddable":true,"href":"https:\/\/news.sap.com\/brazil\/wp-json\/wp\/v2\/categories?post=11809"},{"taxonomy":"post_tag","embeddable":true,"href":"https:\/\/news.sap.com\/brazil\/wp-json\/wp\/v2\/tags?post=11809"},{"taxonomy":"sapn-display","embeddable":true,"href":"https:\/\/news.sap.com\/brazil\/wp-json\/wp\/v2\/sapn-display?post=11809"},{"taxonomy":"sapn-type","embeddable":true,"href":"https:\/\/news.sap.com\/brazil\/wp-json\/wp\/v2\/sapn-type?post=11809"}],"curies":[{"name":"wp","href":"https:\/\/api.w.org\/{rel}","templated":true}]}}