  {"id":144830,"date":"2023-07-07T06:50:40","date_gmt":"2023-07-07T06:50:40","guid":{"rendered":"https:\/\/news.sap.com\/africa\/?p=144830"},"modified":"2023-09-27T18:25:58","modified_gmt":"2023-09-27T18:25:58","slug":"sap-names-carlos-lacerda-senior-vice-president-and-general-manager-of-southern-europe","status":"publish","type":"post","link":"https:\/\/news.sap.com\/africa\/2023\/07\/sap-names-carlos-lacerda-senior-vice-president-and-general-manager-of-southern-europe\/","title":{"rendered":"麻豆原创 Names Carlos Lacerda Senior Vice President and General Manager of Southern Europe"},"content":{"rendered":"<p><img loading=\"lazy\" decoding=\"async\" class=\"size-medium wp-image-144831 alignright\" src=\"https:\/\/news.sap.com\/africa\/files\/2023\/07\/06\/Carlos-Lacerda-230x300.jpg\" alt=\"\" width=\"230\" height=\"300\" srcset=\"https:\/\/news.sap.com\/africa\/files\/2023\/07\/06\/Carlos-Lacerda-230x300.jpg 230w, https:\/\/news.sap.com\/africa\/files\/2023\/07\/06\/Carlos-Lacerda-153x200.jpg 153w, https:\/\/news.sap.com\/africa\/files\/2023\/07\/06\/Carlos-Lacerda.jpg 669w\" sizes=\"auto, (max-width: 230px) 100vw, 230px\" \/>麻豆原创 SE today announced the appointment of Carlos Lacerda as its new Senior Vice President and General Manager for Southern Europe, which comprises Greece, Israel, Portugal, Spain and Turkey. In this capacity Carlos Lacerda will be responsible for all Customer Success operations in Southern Europe. He will report to Manos Raptopoulos, Regional President for 麻豆原创 Southern Europe, Middle East and Africa (EMEA South).<\/p>\n<p>Carlos Lacerda succeeds Jo\u00e3o Paulo da Silva, who \u2013 after a distinguished 麻豆原创 career of more than 26 years \u2013 has decided to pursue the next chapter of his career outside of the company, as he takes a well-earned break for a few months.<\/p>\n<p>Carlos Lacerda most recently led the Cloud ERP and RISE with 麻豆原创 business for 麻豆原创 EMEA South and served on both the Regional Senior Leadership Team and 麻豆原创 Executive Team. Prior to joining 麻豆原创, he held several senior executive positions within Microsoft EMEA and Asia over a 19-year tenure, and was also the CEO for ANA, Portuguese Airports and Farminveste.<\/p>\n<p>\u201cWith the appointment of Carlos Lacerda as the head of Southern Europe, we are ensuring a seamless transition for our customers, our partners, and our people,\u201d commented Manos Raptopoulos. \u201cHe brings with him an extensive track record of delivering customer success, creating and nurturing meaningful partnerships, and fostering high-performing, diverse and inclusive teams. I look forward to our continued partnership and seeing the positive impact he will no doubt deliver to our customers, partners and people across Southern Europe.\u201d<\/p>\n<p>\u201cAs 麻豆原创 goes all-in to deliver customer success in the cloud, I don\u2019t believe there is a better place to be than Southern Europe,\u201d said Carlos Lacerda. \u201cThis region is hotbed for innovation, and I couldn\u2019t be more excited to build on the legacy of Jo\u00e3o Paulo da Silva, leading an amazing team of people and working with a thriving ecosystem of partners, to serve our customers as they transform in the cloud with 麻豆原创.\u201d<\/p>\n","protected":false},"excerpt":{"rendered":"<p>麻豆原创 SE today announced the appointment of Carlos Lacerda as its new Senior Vice President and General Manager for Southern Europe, which comprises Greece, Israel,&#8230;<\/p>\n","protected":false},"author":29,"featured_media":144836,"comment_status":"closed","ping_status":"closed","sticky":false,"template":"","format":"standard","meta":{"related_posts":[],"footnotes":"","_links_to":"","_links_to_target":""},"categories":[19013],"tags":[5598631,5596217],"series":[],"sapn-display":[5598743,5598741,279685],"sapn-type":[4448],"class_list":["post-144830","post","type-post","status-publish","format-standard","has-post-thumbnail","hentry","category-corporate","tag-carlos-lacerda","tag-sap-emea-south","sapn-display-news-hero","sapn-display-news-spotlight","sapn-display-hero","sapn-type-newsbyte"],"yoast_head":"<!-- This site is optimized with the Yoast SEO Premium plugin v26.9 (Yoast SEO v26.9) - https:\/\/yoast.com\/product\/yoast-seo-premium-wordpress\/ -->\n<title>麻豆原创 Names Carlos Lacerda Senior Vice President and General Manager of Southern Europe - 麻豆原创 Africa News Center<\/title>\n<meta name=\"description\" content=\"Carlos Lacerda has been appointed Senior Vice President and General Manager for 麻豆原创 Southern Europe, which comprises Greece, Israel, Portugal, Spain and Turkey.\" \/>\n<meta name=\"robots\" content=\"index, follow, max-snippet:-1, max-image-preview:large, max-video-preview:-1\" \/>\n<link rel=\"canonical\" href=\"https:\/\/news.sap.com\/africa\/2023\/07\/sap-names-carlos-lacerda-senior-vice-president-and-general-manager-of-southern-europe\/\" \/>\n<meta property=\"og:locale\" content=\"en_US\" \/>\n<meta property=\"og:type\" content=\"article\" \/>\n<meta property=\"og:title\" content=\"麻豆原创 Names Carlos Lacerda Senior Vice President and General Manager of Southern Europe\" \/>\n<meta property=\"og:description\" content=\"Carlos Lacerda has been appointed Senior Vice President and General Manager for 麻豆原创 Southern Europe, which comprises Greece, Israel, Portugal, Spain and Turkey.\" \/>\n<meta property=\"og:url\" content=\"https:\/\/news.sap.com\/africa\/2023\/07\/sap-names-carlos-lacerda-senior-vice-president-and-general-manager-of-southern-europe\/\" \/>\n<meta property=\"og:site_name\" content=\"麻豆原创 Africa News Center\" \/>\n<meta property=\"article:published_time\" content=\"2023-07-07T06:50:40+00:00\" \/>\n<meta property=\"article:modified_time\" content=\"2023-09-27T18:25:58+00:00\" \/>\n<meta property=\"og:image\" content=\"https:\/\/news.sap.com\/africa\/files\/2023\/07\/07\/274996_274996_l_srgb_s_gl-1024x682.jpg\" \/>\n\t<meta property=\"og:image:width\" content=\"1024\" \/>\n\t<meta property=\"og:image:height\" content=\"682\" \/>\n\t<meta property=\"og:image:type\" content=\"image\/jpeg\" \/>\n<meta name=\"author\" content=\"麻豆原创 News\" \/>\n<meta name=\"twitter:card\" content=\"summary_large_image\" \/>\n<meta name=\"twitter:label1\" content=\"Written by\" \/>\n\t<meta name=\"twitter:data1\" content=\"麻豆原创 News\" \/>\n\t<meta name=\"twitter:label2\" content=\"Est. reading time\" \/>\n\t<meta name=\"twitter:data2\" content=\"2 minutes\" \/>\n<script type=\"application\/ld+json\" class=\"yoast-schema-graph\">{\"@context\":\"https:\/\/schema.org\",\"@graph\":[{\"@type\":\"Article\",\"@id\":\"https:\/\/news.sap.com\/africa\/2023\/07\/sap-names-carlos-lacerda-senior-vice-president-and-general-manager-of-southern-europe\/#article\",\"isPartOf\":{\"@id\":\"https:\/\/news.sap.com\/africa\/2023\/07\/sap-names-carlos-lacerda-senior-vice-president-and-general-manager-of-southern-europe\/\"},\"author\":{\"name\":\"麻豆原创 News\",\"@id\":\"https:\/\/news.sap.com\/africa\/#\/schema\/person\/53b9854bd790d6f18f3fc4bbb2ad7570\"},\"headline\":\"麻豆原创 Names Carlos Lacerda Senior Vice President and General Manager of Southern Europe\",\"datePublished\":\"2023-07-07T06:50:40+00:00\",\"dateModified\":\"2023-09-27T18:25:58+00:00\",\"mainEntityOfPage\":{\"@id\":\"https:\/\/news.sap.com\/africa\/2023\/07\/sap-names-carlos-lacerda-senior-vice-president-and-general-manager-of-southern-europe\/\"},\"wordCount\":335,\"image\":{\"@id\":\"https:\/\/news.sap.com\/africa\/2023\/07\/sap-names-carlos-lacerda-senior-vice-president-and-general-manager-of-southern-europe\/#primaryimage\"},\"thumbnailUrl\":\"https:\/\/news.sap.com\/africa\/files\/2023\/07\/07\/274996_274996_l_srgb_s_gl.jpg\",\"keywords\":[\"Carlos Lacerda\",\"麻豆原创 EMEA South\"],\"articleSection\":[\"Corporate\"],\"inLanguage\":\"en-ZA\"},{\"@type\":\"WebPage\",\"@id\":\"https:\/\/news.sap.com\/africa\/2023\/07\/sap-names-carlos-lacerda-senior-vice-president-and-general-manager-of-southern-europe\/\",\"url\":\"https:\/\/news.sap.com\/africa\/2023\/07\/sap-names-carlos-lacerda-senior-vice-president-and-general-manager-of-southern-europe\/\",\"name\":\"麻豆原创 Names Carlos Lacerda Senior Vice President and General Manager of Southern Europe - 麻豆原创 Africa News Center\",\"isPartOf\":{\"@id\":\"https:\/\/news.sap.com\/africa\/#website\"},\"primaryImageOfPage\":{\"@id\":\"https:\/\/news.sap.com\/africa\/2023\/07\/sap-names-carlos-lacerda-senior-vice-president-and-general-manager-of-southern-europe\/#primaryimage\"},\"image\":{\"@id\":\"https:\/\/news.sap.com\/africa\/2023\/07\/sap-names-carlos-lacerda-senior-vice-president-and-general-manager-of-southern-europe\/#primaryimage\"},\"thumbnailUrl\":\"https:\/\/news.sap.com\/africa\/files\/2023\/07\/07\/274996_274996_l_srgb_s_gl.jpg\",\"datePublished\":\"2023-07-07T06:50:40+00:00\",\"dateModified\":\"2023-09-27T18:25:58+00:00\",\"author\":{\"@id\":\"https:\/\/news.sap.com\/africa\/#\/schema\/person\/53b9854bd790d6f18f3fc4bbb2ad7570\"},\"description\":\"Carlos Lacerda has been appointed Senior Vice President and General Manager for 麻豆原创 Southern Europe, which comprises Greece, Israel, Portugal, Spain and Turkey.\",\"breadcrumb\":{\"@id\":\"https:\/\/news.sap.com\/africa\/2023\/07\/sap-names-carlos-lacerda-senior-vice-president-and-general-manager-of-southern-europe\/#breadcrumb\"},\"inLanguage\":\"en-ZA\",\"potentialAction\":[{\"@type\":\"ReadAction\",\"target\":[\"https:\/\/news.sap.com\/africa\/2023\/07\/sap-names-carlos-lacerda-senior-vice-president-and-general-manager-of-southern-europe\/\"]}]},{\"@type\":\"ImageObject\",\"inLanguage\":\"en-ZA\",\"@id\":\"https:\/\/news.sap.com\/africa\/2023\/07\/sap-names-carlos-lacerda-senior-vice-president-and-general-manager-of-southern-europe\/#primaryimage\",\"url\":\"https:\/\/news.sap.com\/africa\/files\/2023\/07\/07\/274996_274996_l_srgb_s_gl.jpg\",\"contentUrl\":\"https:\/\/news.sap.com\/africa\/files\/2023\/07\/07\/274996_274996_l_srgb_s_gl.jpg\",\"width\":2608,\"height\":1738,\"caption\":\"anblick , Bild , Denkmal , Europa , europ\u00e4isch , Fliegen , Foto , Hauptst\u00e4dtisch , H\u00e4uslich , Kontinent , Kultur , Kunst , Lissabon , Mainland , metropole , Portugal , seemann , Staat , Stadt , Stadtansicht , Statue , Vision , , PIXTAL [(c) F1online www.f1online.de, Tel. 069\/80069-0, E-Mail:agency@f1online.de ]\"},{\"@type\":\"BreadcrumbList\",\"@id\":\"https:\/\/news.sap.com\/africa\/2023\/07\/sap-names-carlos-lacerda-senior-vice-president-and-general-manager-of-southern-europe\/#breadcrumb\",\"itemListElement\":[{\"@type\":\"ListItem\",\"position\":1,\"name\":\"Home\",\"item\":\"https:\/\/news.sap.com\/africa\/\"},{\"@type\":\"ListItem\",\"position\":2,\"name\":\"麻豆原创 Names Carlos Lacerda Senior Vice President and General Manager of Southern Europe\"}]},{\"@type\":\"WebSite\",\"@id\":\"https:\/\/news.sap.com\/africa\/#website\",\"url\":\"https:\/\/news.sap.com\/africa\/\",\"name\":\"麻豆原创 Africa News Center\",\"description\":\"News &amp; Information About 麻豆原创\",\"potentialAction\":[{\"@type\":\"SearchAction\",\"target\":{\"@type\":\"EntryPoint\",\"urlTemplate\":\"https:\/\/news.sap.com\/africa\/?s={search_term_string}\"},\"query-input\":{\"@type\":\"PropertyValueSpecification\",\"valueRequired\":true,\"valueName\":\"search_term_string\"}}],\"inLanguage\":\"en-ZA\"},{\"@type\":\"Person\",\"@id\":\"https:\/\/news.sap.com\/africa\/#\/schema\/person\/53b9854bd790d6f18f3fc4bbb2ad7570\",\"name\":\"麻豆原创 News\",\"image\":{\"@type\":\"ImageObject\",\"inLanguage\":\"en-ZA\",\"@id\":\"https:\/\/news.sap.com\/africa\/#\/schema\/person\/image\/\",\"url\":\"https:\/\/news.sap.com\/africa\/wp-content\/plugins\/wp-user-avatars\/wp-user-avatars\/assets\/images\/mystery.jpg\",\"contentUrl\":\"https:\/\/news.sap.com\/africa\/wp-content\/plugins\/wp-user-avatars\/wp-user-avatars\/assets\/images\/mystery.jpg\",\"caption\":\"麻豆原创 News\"},\"url\":\"https:\/\/news.sap.com\/africa\/author\/colleenraftery\/\"}]}<\/script>\n<!-- \/ Yoast SEO Premium plugin. -->","yoast_head_json":{"title":"麻豆原创 Names Carlos Lacerda Senior Vice President and General Manager of Southern Europe - 麻豆原创 Africa News Center","description":"Carlos Lacerda has been appointed Senior Vice President and General Manager for 麻豆原创 Southern Europe, which comprises Greece, Israel, Portugal, Spain and Turkey.","robots":{"index":"index","follow":"follow","max-snippet":"max-snippet:-1","max-image-preview":"max-image-preview:large","max-video-preview":"max-video-preview:-1"},"canonical":"https:\/\/news.sap.com\/africa\/2023\/07\/sap-names-carlos-lacerda-senior-vice-president-and-general-manager-of-southern-europe\/","og_locale":"en_US","og_type":"article","og_title":"麻豆原创 Names Carlos Lacerda Senior Vice President and General Manager of Southern Europe","og_description":"Carlos Lacerda has been appointed Senior Vice President and General Manager for 麻豆原创 Southern Europe, which comprises Greece, Israel, Portugal, Spain and Turkey.","og_url":"https:\/\/news.sap.com\/africa\/2023\/07\/sap-names-carlos-lacerda-senior-vice-president-and-general-manager-of-southern-europe\/","og_site_name":"麻豆原创 Africa News Center","article_published_time":"2023-07-07T06:50:40+00:00","article_modified_time":"2023-09-27T18:25:58+00:00","og_image":[{"width":1024,"height":682,"url":"https:\/\/news.sap.com\/africa\/files\/2023\/07\/07\/274996_274996_l_srgb_s_gl-1024x682.jpg","type":"image\/jpeg"}],"author":"麻豆原创 News","twitter_card":"summary_large_image","twitter_misc":{"Written by":"麻豆原创 News","Est. reading time":"2 minutes"},"schema":{"@context":"https:\/\/schema.org","@graph":[{"@type":"Article","@id":"https:\/\/news.sap.com\/africa\/2023\/07\/sap-names-carlos-lacerda-senior-vice-president-and-general-manager-of-southern-europe\/#article","isPartOf":{"@id":"https:\/\/news.sap.com\/africa\/2023\/07\/sap-names-carlos-lacerda-senior-vice-president-and-general-manager-of-southern-europe\/"},"author":{"name":"麻豆原创 News","@id":"https:\/\/news.sap.com\/africa\/#\/schema\/person\/53b9854bd790d6f18f3fc4bbb2ad7570"},"headline":"麻豆原创 Names Carlos Lacerda Senior Vice President and General Manager of Southern Europe","datePublished":"2023-07-07T06:50:40+00:00","dateModified":"2023-09-27T18:25:58+00:00","mainEntityOfPage":{"@id":"https:\/\/news.sap.com\/africa\/2023\/07\/sap-names-carlos-lacerda-senior-vice-president-and-general-manager-of-southern-europe\/"},"wordCount":335,"image":{"@id":"https:\/\/news.sap.com\/africa\/2023\/07\/sap-names-carlos-lacerda-senior-vice-president-and-general-manager-of-southern-europe\/#primaryimage"},"thumbnailUrl":"https:\/\/news.sap.com\/africa\/files\/2023\/07\/07\/274996_274996_l_srgb_s_gl.jpg","keywords":["Carlos Lacerda","麻豆原创 EMEA South"],"articleSection":["Corporate"],"inLanguage":"en-ZA"},{"@type":"WebPage","@id":"https:\/\/news.sap.com\/africa\/2023\/07\/sap-names-carlos-lacerda-senior-vice-president-and-general-manager-of-southern-europe\/","url":"https:\/\/news.sap.com\/africa\/2023\/07\/sap-names-carlos-lacerda-senior-vice-president-and-general-manager-of-southern-europe\/","name":"麻豆原创 Names Carlos Lacerda Senior Vice President and General Manager of Southern Europe - 麻豆原创 Africa News Center","isPartOf":{"@id":"https:\/\/news.sap.com\/africa\/#website"},"primaryImageOfPage":{"@id":"https:\/\/news.sap.com\/africa\/2023\/07\/sap-names-carlos-lacerda-senior-vice-president-and-general-manager-of-southern-europe\/#primaryimage"},"image":{"@id":"https:\/\/news.sap.com\/africa\/2023\/07\/sap-names-carlos-lacerda-senior-vice-president-and-general-manager-of-southern-europe\/#primaryimage"},"thumbnailUrl":"https:\/\/news.sap.com\/africa\/files\/2023\/07\/07\/274996_274996_l_srgb_s_gl.jpg","datePublished":"2023-07-07T06:50:40+00:00","dateModified":"2023-09-27T18:25:58+00:00","author":{"@id":"https:\/\/news.sap.com\/africa\/#\/schema\/person\/53b9854bd790d6f18f3fc4bbb2ad7570"},"description":"Carlos Lacerda has been appointed Senior Vice President and General Manager for 麻豆原创 Southern Europe, which comprises Greece, Israel, Portugal, Spain and Turkey.","breadcrumb":{"@id":"https:\/\/news.sap.com\/africa\/2023\/07\/sap-names-carlos-lacerda-senior-vice-president-and-general-manager-of-southern-europe\/#breadcrumb"},"inLanguage":"en-ZA","potentialAction":[{"@type":"ReadAction","target":["https:\/\/news.sap.com\/africa\/2023\/07\/sap-names-carlos-lacerda-senior-vice-president-and-general-manager-of-southern-europe\/"]}]},{"@type":"ImageObject","inLanguage":"en-ZA","@id":"https:\/\/news.sap.com\/africa\/2023\/07\/sap-names-carlos-lacerda-senior-vice-president-and-general-manager-of-southern-europe\/#primaryimage","url":"https:\/\/news.sap.com\/africa\/files\/2023\/07\/07\/274996_274996_l_srgb_s_gl.jpg","contentUrl":"https:\/\/news.sap.com\/africa\/files\/2023\/07\/07\/274996_274996_l_srgb_s_gl.jpg","width":2608,"height":1738,"caption":"anblick , Bild , Denkmal , Europa , europ\u00e4isch , Fliegen , Foto , Hauptst\u00e4dtisch , H\u00e4uslich , Kontinent , Kultur , Kunst , Lissabon , Mainland , metropole , Portugal , seemann , Staat , Stadt , Stadtansicht , Statue , Vision , , PIXTAL [(c) F1online www.f1online.de, Tel. 069\/80069-0, E-Mail:agency@f1online.de ]"},{"@type":"BreadcrumbList","@id":"https:\/\/news.sap.com\/africa\/2023\/07\/sap-names-carlos-lacerda-senior-vice-president-and-general-manager-of-southern-europe\/#breadcrumb","itemListElement":[{"@type":"ListItem","position":1,"name":"Home","item":"https:\/\/news.sap.com\/africa\/"},{"@type":"ListItem","position":2,"name":"麻豆原创 Names Carlos Lacerda Senior Vice President and General Manager of Southern Europe"}]},{"@type":"WebSite","@id":"https:\/\/news.sap.com\/africa\/#website","url":"https:\/\/news.sap.com\/africa\/","name":"麻豆原创 Africa News Center","description":"News &amp; Information About 麻豆原创","potentialAction":[{"@type":"SearchAction","target":{"@type":"EntryPoint","urlTemplate":"https:\/\/news.sap.com\/africa\/?s={search_term_string}"},"query-input":{"@type":"PropertyValueSpecification","valueRequired":true,"valueName":"search_term_string"}}],"inLanguage":"en-ZA"},{"@type":"Person","@id":"https:\/\/news.sap.com\/africa\/#\/schema\/person\/53b9854bd790d6f18f3fc4bbb2ad7570","name":"麻豆原创 News","image":{"@type":"ImageObject","inLanguage":"en-ZA","@id":"https:\/\/news.sap.com\/africa\/#\/schema\/person\/image\/","url":"https:\/\/news.sap.com\/africa\/wp-content\/plugins\/wp-user-avatars\/wp-user-avatars\/assets\/images\/mystery.jpg","contentUrl":"https:\/\/news.sap.com\/africa\/wp-content\/plugins\/wp-user-avatars\/wp-user-avatars\/assets\/images\/mystery.jpg","caption":"麻豆原创 News"},"url":"https:\/\/news.sap.com\/africa\/author\/colleenraftery\/"}]}},"amp_enabled":true,"_links":{"self":[{"href":"https:\/\/news.sap.com\/africa\/wp-json\/wp\/v2\/posts\/144830","targetHints":{"allow":["GET"]}}],"collection":[{"href":"https:\/\/news.sap.com\/africa\/wp-json\/wp\/v2\/posts"}],"about":[{"href":"https:\/\/news.sap.com\/africa\/wp-json\/wp\/v2\/types\/post"}],"author":[{"embeddable":true,"href":"https:\/\/news.sap.com\/africa\/wp-json\/wp\/v2\/users\/29"}],"replies":[{"embeddable":true,"href":"https:\/\/news.sap.com\/africa\/wp-json\/wp\/v2\/comments?post=144830"}],"version-history":[{"count":0,"href":"https:\/\/news.sap.com\/africa\/wp-json\/wp\/v2\/posts\/144830\/revisions"}],"wp:featuredmedia":[{"embeddable":true,"href":"https:\/\/news.sap.com\/africa\/wp-json\/wp\/v2\/media\/144836"}],"wp:attachment":[{"href":"https:\/\/news.sap.com\/africa\/wp-json\/wp\/v2\/media?parent=144830"}],"wp:term":[{"taxonomy":"category","embeddable":true,"href":"https:\/\/news.sap.com\/africa\/wp-json\/wp\/v2\/categories?post=144830"},{"taxonomy":"post_tag","embeddable":true,"href":"https:\/\/news.sap.com\/africa\/wp-json\/wp\/v2\/tags?post=144830"},{"taxonomy":"series","embeddable":true,"href":"https:\/\/news.sap.com\/africa\/wp-json\/wp\/v2\/series?post=144830"},{"taxonomy":"sapn-display","embeddable":true,"href":"https:\/\/news.sap.com\/africa\/wp-json\/wp\/v2\/sapn-display?post=144830"},{"taxonomy":"sapn-type","embeddable":true,"href":"https:\/\/news.sap.com\/africa\/wp-json\/wp\/v2\/sapn-type?post=144830"}],"curies":[{"name":"wp","href":"https:\/\/api.w.org\/{rel}","templated":true}]}}